{"id":37313,"date":"2023-02-27T13:26:48","date_gmt":"2023-02-27T19:26:48","guid":{"rendered":"https:\/\/encuentroinformativo.com.mx\/?p=37313"},"modified":"2023-02-27T13:26:52","modified_gmt":"2023-02-27T19:26:52","slug":"brindan-acompanamiento-a-colectivos-tras-hallazgo-en-valle-dorado","status":"publish","type":"post","link":"https:\/\/encuentroinformativo.com.mx\/?p=37313","title":{"rendered":"Brindan acompa\u00f1amiento a Colectivos tras hallazgo en Valle Dorado"},"content":{"rendered":"\n<p><strong>Juan Arcos <\/strong><\/p>\n\n\n\n<p>Xalapa, Ver.- Autoridades de Veracruz dan acompa\u00f1amiento a los colectivos de b\u00fasqueda tras el hallazgo de cuerpos en fosas clandestinas en el fraccionamiento Valle Dorado, ubicado en el puerto de Veracruz.<\/p>\n\n\n\n<p>As\u00ed lo revel\u00f3 el director general de Cultura de Paz y Derechos Humanos, Sergio Ulises Montes Guzm\u00e1n, quien a\u00f1adi\u00f3 que en dichas acciones participan la Comisi\u00f3n Estatal de B\u00fasqueda y la Comisi\u00f3n Especial de Atenci\u00f3n a V\u00edctimas.<\/p>\n\n\n\n<p>El funcionario estatal enfatiz\u00f3 que los restos humanos localizados ser\u00edan trasladados a la Unidad Integral de Servicios M\u00e9dicos Forenses, que se encuentra en el municipio de Nogales, en la zona centro de la entidad.<\/p>\n\n\n\n<p>Adem\u00e1s, indic\u00f3 que los familiares de desaparecidos han solicitado diversos apoyos para continuar sus acciones de b\u00fasqueda en distintas regiones de la entidad.<\/p>\n\n\n\n<p>\u201cEn el caso de que se llegasen a encontrar personas, los cuerpos se van al cementerio forense que se inaugur\u00f3 en Nogales hace poco para hacer las identificaciones pertinentes y all\u00ed la comisi\u00f3n estatal de v\u00edctimas les da la atenci\u00f3n debida psicol\u00f3gica y legal\u201d, a\u00f1adi\u00f3.<\/p>\n\n\n\n<p>El pasado 24 de febrero, la fiscal general del estado de Veracruz, Ver\u00f3nica Hern\u00e1ndez Giad\u00e1ns, confirm\u00f3 el hallazgo de cuerpos en fosas clandestinas en un terreno del fraccionamiento Valle Dorado, donde se despleg\u00f3 un fuerte operativo.<\/p>\n\n\n\n<p>Montes Guzm\u00e1n detall\u00f3 que cada colectivo de b\u00fasqueda realiza sus jornadas de trabajo con base en sus agendas correspondientes.<\/p>\n\n\n\n<p>\u201cEn Poza Rica se inaugur\u00f3 un fotomural en recuerdo a las v\u00edctimas de desaparici\u00f3n, estuvimos por all\u00ed el viernes con el colectivo Mar\u00eda Herrera\u201d, enfatiz\u00f3.<\/p>\n\n\n\n<p>El Director General de Cultura de Paz y Derechos Humanos refiri\u00f3 que hay jornadas de b\u00fasqueda en C\u00f3rdoba, Coatzacoalcos y el puerto de Veracruz.<\/p>\n","protected":false},"excerpt":{"rendered":"<p>Juan Arcos Xalapa, Ver.- Autoridades de Veracruz dan acompa\u00f1amiento a los colectivos de b\u00fasqueda tras el hallazgo de cuerpos en fosas clandestinas en el fraccionamiento Valle Dorado, ubicado en el puerto de Veracruz. As\u00ed lo revel\u00f3 el director general de Cultura de Paz y Derechos Humanos, Sergio Ulises Montes Guzm\u00e1n, quien a\u00f1adi\u00f3 que en dichas [&hellip;]<\/p>\n","protected":false},"author":2476,"featured_media":37314,"comment_status":"open","ping_status":"open","sticky":false,"template":"","format":"standard","meta":{"_jetpack_memberships_contains_paid_content":false,"footnotes":""},"categories":[2],"tags":[],"class_list":["post-37313","post","type-post","status-publish","format-standard","has-post-thumbnail","hentry","category-estado"],"jetpack_featured_media_url":"https:\/\/encuentroinformativo.com.mx\/wp-content\/uploads\/2023\/02\/IMG_4542.jpg","jetpack_sharing_enabled":true,"jetpack_likes_enabled":true,"amp_enabled":true,"_links":{"self":[{"href":"https:\/\/encuentroinformativo.com.mx\/index.php?rest_route=\/wp\/v2\/posts\/37313","targetHints":{"allow":["GET"]}}],"collection":[{"href":"https:\/\/encuentroinformativo.com.mx\/index.php?rest_route=\/wp\/v2\/posts"}],"about":[{"href":"https:\/\/encuentroinformativo.com.mx\/index.php?rest_route=\/wp\/v2\/types\/post"}],"author":[{"embeddable":true,"href":"https:\/\/encuentroinformativo.com.mx\/index.php?rest_route=\/wp\/v2\/users\/2476"}],"replies":[{"embeddable":true,"href":"https:\/\/encuentroinformativo.com.mx\/index.php?rest_route=%2Fwp%2Fv2%2Fcomments&post=37313"}],"version-history":[{"count":1,"href":"https:\/\/encuentroinformativo.com.mx\/index.php?rest_route=\/wp\/v2\/posts\/37313\/revisions"}],"predecessor-version":[{"id":37315,"href":"https:\/\/encuentroinformativo.com.mx\/index.php?rest_route=\/wp\/v2\/posts\/37313\/revisions\/37315"}],"wp:featuredmedia":[{"embeddable":true,"href":"https:\/\/encuentroinformativo.com.mx\/index.php?rest_route=\/wp\/v2\/media\/37314"}],"wp:attachment":[{"href":"https:\/\/encuentroinformativo.com.mx\/index.php?rest_route=%2Fwp%2Fv2%2Fmedia&parent=37313"}],"wp:term":[{"taxonomy":"category","embeddable":true,"href":"https:\/\/encuentroinformativo.com.mx\/index.php?rest_route=%2Fwp%2Fv2%2Fcategories&post=37313"},{"taxonomy":"post_tag","embeddable":true,"href":"https:\/\/encuentroinformativo.com.mx\/index.php?rest_route=%2Fwp%2Fv2%2Ftags&post=37313"}],"curies":[{"name":"wp","href":"https:\/\/api.w.org\/{rel}","templated":true}]}}