{"id":37319,"date":"2023-02-27T13:44:23","date_gmt":"2023-02-27T19:44:23","guid":{"rendered":"https:\/\/encuentroinformativo.com.mx\/?p=37319"},"modified":"2023-02-27T13:44:27","modified_gmt":"2023-02-27T19:44:27","slug":"colocan-fotografias-de-personas-desaparecidas-en-poza-rica","status":"publish","type":"post","link":"https:\/\/encuentroinformativo.com.mx\/?p=37319","title":{"rendered":"Colocan fotograf\u00edas de personas desaparecidas en Poza Rica"},"content":{"rendered":"\n<p><strong>Juan Arcos <\/strong><\/p>\n\n\n\n<p>Xalapa, Ver.- En Poza Rica, al norte de Veracruz, fueron colocadas las fotograf\u00edas de 50 hombres y mujeres que est\u00e1n en calidad de desaparecidos desde hace m\u00e1s de diez a\u00f1os y que hasta el momento no hay indicios de su paradero.<\/p>\n\n\n\n<p>El mural se encuentra en la parte trasera del Monumento a la Madre en la glorieta de la avenida L\u00e1zaro C\u00e1rdenas en la zona centro de la ciudad petrolera.<\/p>\n\n\n\n<p>En este sitio han sido constantes las manifestaciones de familiares de desaparecidos para exigir la aparici\u00f3n con vida de sus seres queridos.<\/p>\n\n\n\n<p>Se trata de integrantes del colectivo \u201cEn B\u00fasqueda Mar\u00eda Herrera\u201d, quienes llevan a cabo jornadas de difusi\u00f3n, en busca de noticias de sus familiares.<\/p>\n\n\n\n<p>El mural \u201cMemoria Viva\u201d fue inaugurado el pasado 24 de febrero y una de sus frases dice \u201cseguir\u00e9 siendo tu voz y la de todos los que no est\u00e1n\u201d.<\/p>\n\n\n\n<p>En la parte superior del mural, sobre las fotograf\u00edas de los desaparecidos, se lee tambi\u00e9n: \u201cmi coraz\u00f3n del suelo al cielo busc\u00e1ndote\u201d.<\/p>\n\n\n\n<p>Cabe recordar que el espacio p\u00fablico fue intervenido art\u00edsticamente por la iniciativa ciudadana con el proyecto \u201cRecuperaci\u00f3n de la memoria de personas desaparecidas de Veracruz\u201d.<\/p>\n\n\n\n<p>Lo anterior, en coordinaci\u00f3n con el colectivo Centro de Derecho Humanos \u201cToalpeyolo\u201d as\u00ed como con el apoyo de la Comisi\u00f3n Estatal de B\u00fasqueda y el ayuntamiento de Poza Rica.<\/p>\n\n\n\n<p>En la zona norte de Veracruz, en municipios como Tihuatl\u00e1n, Guti\u00e9rrez Zamora, Tecolutla, Tlapacoyan, Papantla y Atzalan, las familias difunden los rostros de sus desaparecidos, pegando sus fotograf\u00edas en bardas, postes y otros lugares p\u00fablicos.<\/p>\n\n\n\n<figure class=\"wp-block-image size-large\"><img loading=\"lazy\" decoding=\"async\" width=\"1024\" height=\"1024\" src=\"https:\/\/encuentroinformativo.com.mx\/wp-content\/uploads\/2023\/02\/0ae5fbfd-321b-4480-b13c-4dd6afede23b-1024x1024.jpg\" alt=\"\" class=\"wp-image-37321\" srcset=\"https:\/\/encuentroinformativo.com.mx\/wp-content\/uploads\/2023\/02\/0ae5fbfd-321b-4480-b13c-4dd6afede23b-1024x1024.jpg 1024w, https:\/\/encuentroinformativo.com.mx\/wp-content\/uploads\/2023\/02\/0ae5fbfd-321b-4480-b13c-4dd6afede23b-300x300.jpg 300w, https:\/\/encuentroinformativo.com.mx\/wp-content\/uploads\/2023\/02\/0ae5fbfd-321b-4480-b13c-4dd6afede23b-150x150.jpg 150w, https:\/\/encuentroinformativo.com.mx\/wp-content\/uploads\/2023\/02\/0ae5fbfd-321b-4480-b13c-4dd6afede23b-768x768.jpg 768w, https:\/\/encuentroinformativo.com.mx\/wp-content\/uploads\/2023\/02\/0ae5fbfd-321b-4480-b13c-4dd6afede23b.jpg 1280w\" sizes=\"auto, (max-width: 1024px) 100vw, 1024px\" \/><\/figure>\n","protected":false},"excerpt":{"rendered":"<p>Juan Arcos Xalapa, Ver.- En Poza Rica, al norte de Veracruz, fueron colocadas las fotograf\u00edas de 50 hombres y mujeres que est\u00e1n en calidad de desaparecidos desde hace m\u00e1s de diez a\u00f1os y que hasta el momento no hay indicios de su paradero. El mural se encuentra en la parte trasera del Monumento a la [&hellip;]<\/p>\n","protected":false},"author":2476,"featured_media":37320,"comment_status":"open","ping_status":"open","sticky":false,"template":"","format":"standard","meta":{"_jetpack_memberships_contains_paid_content":false,"footnotes":""},"categories":[2],"tags":[],"class_list":["post-37319","post","type-post","status-publish","format-standard","has-post-thumbnail","hentry","category-estado"],"jetpack_featured_media_url":"https:\/\/encuentroinformativo.com.mx\/wp-content\/uploads\/2023\/02\/cac28ece-98f7-4f1f-8d44-d71c8d6326ba.jpg","jetpack_sharing_enabled":true,"jetpack_likes_enabled":true,"amp_enabled":true,"_links":{"self":[{"href":"https:\/\/encuentroinformativo.com.mx\/index.php?rest_route=\/wp\/v2\/posts\/37319","targetHints":{"allow":["GET"]}}],"collection":[{"href":"https:\/\/encuentroinformativo.com.mx\/index.php?rest_route=\/wp\/v2\/posts"}],"about":[{"href":"https:\/\/encuentroinformativo.com.mx\/index.php?rest_route=\/wp\/v2\/types\/post"}],"author":[{"embeddable":true,"href":"https:\/\/encuentroinformativo.com.mx\/index.php?rest_route=\/wp\/v2\/users\/2476"}],"replies":[{"embeddable":true,"href":"https:\/\/encuentroinformativo.com.mx\/index.php?rest_route=%2Fwp%2Fv2%2Fcomments&post=37319"}],"version-history":[{"count":1,"href":"https:\/\/encuentroinformativo.com.mx\/index.php?rest_route=\/wp\/v2\/posts\/37319\/revisions"}],"predecessor-version":[{"id":37322,"href":"https:\/\/encuentroinformativo.com.mx\/index.php?rest_route=\/wp\/v2\/posts\/37319\/revisions\/37322"}],"wp:featuredmedia":[{"embeddable":true,"href":"https:\/\/encuentroinformativo.com.mx\/index.php?rest_route=\/wp\/v2\/media\/37320"}],"wp:attachment":[{"href":"https:\/\/encuentroinformativo.com.mx\/index.php?rest_route=%2Fwp%2Fv2%2Fmedia&parent=37319"}],"wp:term":[{"taxonomy":"category","embeddable":true,"href":"https:\/\/encuentroinformativo.com.mx\/index.php?rest_route=%2Fwp%2Fv2%2Fcategories&post=37319"},{"taxonomy":"post_tag","embeddable":true,"href":"https:\/\/encuentroinformativo.com.mx\/index.php?rest_route=%2Fwp%2Fv2%2Ftags&post=37319"}],"curies":[{"name":"wp","href":"https:\/\/api.w.org\/{rel}","templated":true}]}}