{"id":37323,"date":"2023-02-27T13:51:50","date_gmt":"2023-02-27T19:51:50","guid":{"rendered":"https:\/\/encuentroinformativo.com.mx\/?p=37323"},"modified":"2023-02-27T13:51:56","modified_gmt":"2023-02-27T19:51:56","slug":"la-marcha-y-su-contradiccion","status":"publish","type":"post","link":"https:\/\/encuentroinformativo.com.mx\/?p=37323","title":{"rendered":"La marcha y su contradicci\u00f3n"},"content":{"rendered":"\n<p><strong>Revelaciones<\/strong><br><br><strong>Margarito Escudero Luis<\/strong><\/p>\n\n\n\n<p>La marcha que miles de ciudadanos realizaron el pasado domingo en diferentes ciudades del pa\u00eds, en una muestra de que la libertad de expresi\u00f3n y la libertad de manifestaci\u00f3n est\u00e1n garantizadas en M\u00e9xico.<\/p>\n\n\n\n<p>Fue un evento abiertamente de oposici\u00f3n al gobierno de la Cuarta Transformaci\u00f3n y qued\u00f3 testimonio en el \u00e1mbito nacional e internacional, que esa multitud actu\u00f3 dentro de los l\u00edmites legales y protegida por las leyes mexicanas.<br>Eso se llama Libertad.<\/p>\n\n\n\n<p>Lejos quedaron los tiempos cuando ese tipo de manifestaciones contra el gobierno eran brutalmente reprimidas y lejos estamoa en M\u00e9xico de volver a atestiguar masacres de ciudadanos como han ocurrido en otros pa\u00edses Latinoamericanos.<\/p>\n\n\n\n<p>El domingo, en una clara contradiccion, los manifestantes reclamaban la libertad de que estaban gozando.<\/p>\n\n\n\n<p>Esta por verse si los manifestantes obraron con justicia, porque en ese momento estaban bajo el amparo de la ley y puede ser que sus reclamos est\u00e9n fuera de contexto con un manejo de la informacion sesgada, incompleta o de plano totalmente fuera de la verdad.<\/p>\n\n\n\n<p>Porque hay algunos testimonios de participantes, que circulan en redes de \u00ednternet, donde el declarante muestra un total desconocimiento de los motivos de la marcha, invocando temas religiosos; otros ignoraban el contenido del llamado Plan B de la Reforma Electoral y solo mostraban antipat\u00eda por el presidente de la Rep\u00fablica.<\/p>\n\n\n\n<p>La causa que enarbolan quienes convocaron a esa marcha, no es la misma que llevaron en la mente la mayor\u00eda de los participantes.<\/p>\n\n\n\n<p>Los directivos usaron al Instituto Nacional Electoral (INE) como punta de lanza, pero la intenci\u00f3n verdadera es crear un clima adverso al actual gobierno y generar condiciones de rechazo a la gesti\u00f3n gubernamental, para luego pasar a otra etapa m\u00e1s agresiva.<\/p>\n\n\n\n<p>Lo importante es que lo hacen en un ambiente de Libertad.<\/p>\n","protected":false},"excerpt":{"rendered":"<p>Revelaciones Margarito Escudero Luis La marcha que miles de ciudadanos realizaron el pasado domingo en diferentes ciudades del pa\u00eds, en una muestra de que la libertad de expresi\u00f3n y la libertad de manifestaci\u00f3n est\u00e1n garantizadas en M\u00e9xico. Fue un evento abiertamente de oposici\u00f3n al gobierno de la Cuarta Transformaci\u00f3n y qued\u00f3 testimonio en el \u00e1mbito [&hellip;]<\/p>\n","protected":false},"author":2476,"featured_media":387,"comment_status":"open","ping_status":"open","sticky":false,"template":"","format":"standard","meta":{"_jetpack_memberships_contains_paid_content":false,"footnotes":""},"categories":[11],"tags":[],"class_list":["post-37323","post","type-post","status-publish","format-standard","has-post-thumbnail","hentry","category-opinion"],"jetpack_featured_media_url":"https:\/\/encuentroinformativo.com.mx\/wp-content\/uploads\/2020\/03\/7CF8A22B-2764-47BE-8F7F-38FE9E5D6A2F.jpeg","jetpack_sharing_enabled":true,"jetpack_likes_enabled":true,"amp_enabled":true,"_links":{"self":[{"href":"https:\/\/encuentroinformativo.com.mx\/index.php?rest_route=\/wp\/v2\/posts\/37323","targetHints":{"allow":["GET"]}}],"collection":[{"href":"https:\/\/encuentroinformativo.com.mx\/index.php?rest_route=\/wp\/v2\/posts"}],"about":[{"href":"https:\/\/encuentroinformativo.com.mx\/index.php?rest_route=\/wp\/v2\/types\/post"}],"author":[{"embeddable":true,"href":"https:\/\/encuentroinformativo.com.mx\/index.php?rest_route=\/wp\/v2\/users\/2476"}],"replies":[{"embeddable":true,"href":"https:\/\/encuentroinformativo.com.mx\/index.php?rest_route=%2Fwp%2Fv2%2Fcomments&post=37323"}],"version-history":[{"count":1,"href":"https:\/\/encuentroinformativo.com.mx\/index.php?rest_route=\/wp\/v2\/posts\/37323\/revisions"}],"predecessor-version":[{"id":37324,"href":"https:\/\/encuentroinformativo.com.mx\/index.php?rest_route=\/wp\/v2\/posts\/37323\/revisions\/37324"}],"wp:featuredmedia":[{"embeddable":true,"href":"https:\/\/encuentroinformativo.com.mx\/index.php?rest_route=\/wp\/v2\/media\/387"}],"wp:attachment":[{"href":"https:\/\/encuentroinformativo.com.mx\/index.php?rest_route=%2Fwp%2Fv2%2Fmedia&parent=37323"}],"wp:term":[{"taxonomy":"category","embeddable":true,"href":"https:\/\/encuentroinformativo.com.mx\/index.php?rest_route=%2Fwp%2Fv2%2Fcategories&post=37323"},{"taxonomy":"post_tag","embeddable":true,"href":"https:\/\/encuentroinformativo.com.mx\/index.php?rest_route=%2Fwp%2Fv2%2Ftags&post=37323"}],"curies":[{"name":"wp","href":"https:\/\/api.w.org\/{rel}","templated":true}]}}