{"id":37329,"date":"2023-02-27T14:18:04","date_gmt":"2023-02-27T20:18:04","guid":{"rendered":"https:\/\/encuentroinformativo.com.mx\/?p=37329"},"modified":"2023-02-27T14:18:08","modified_gmt":"2023-02-27T20:18:08","slug":"cuestiona-delegado-posible-instalacion-de-tesla-en-territorio-veracruzano","status":"publish","type":"post","link":"https:\/\/encuentroinformativo.com.mx\/?p=37329","title":{"rendered":"Cuestiona delegado posible instalaci\u00f3n de Tesla en territorio veracruzano"},"content":{"rendered":"\n<p><strong>Dar\u00edo Pale <\/strong><\/p>\n\n\n\n<p>Xalapa, Ver.- La industria automotriz l\u00e1stima mucho al medio ambiente, se debe hacer an\u00e1lisis y no hincarse a cualquier barb\u00f3n, por lo que la instalaci\u00f3n de la ensambladora de autos el\u00e9ctricos Tesla, se debe hacer un an\u00e1lisis concienzudo y no ofrecer todas las facilidades sin analizar las consecuencias, as\u00ed lo se\u00f1al\u00f3 el delegado de los programas federales del Bienestar, Manuel Huerta Ladr\u00f3n de Guevara.<\/p>\n\n\n\n<p>En conferencia de prensa, manifest\u00f3 que si la empresa americana llegara a aceptar, deber\u00e1 contar con una Manifestaci\u00f3n de Impacto Ambiental, que conlleva la autorizaci\u00f3n de la gente, ya que la industria automotriz lastima mucho al medio ambiente en materia de agua y es que se requieren 4 mil litros de agua por veh\u00edculo y esos 4 mil litros de agua en el campo son la vida para mucha gente.<\/p>\n\n\n\n<p>Dio a conocer que en muchas zonas de la Entidad se sufre del desabasto de agua, adem\u00e1s de que hay regiones &#8220;estresadas&#8221; h\u00eddrica y ambientalmente, por lo que consider\u00f3 que el sur del Estado es una de esas, por lo tanto, recalc\u00f3 que si se quiere instalar en Veracruz, Tesla debe contar con un estudio de factibilidad.<\/p>\n\n\n\n<p>A\u00f1adi\u00f3 que para la construcci\u00f3n del Tren Maya o el Trans\u00edstimico se tom\u00f3 en cuenta la opini\u00f3n de los ciudadanos.<\/p>\n\n\n\n<p>No obstante consider\u00f3 que es correcta la intenci\u00f3n de querer traer esa inversi\u00f3n extranjera a Veracruz, incluso sostuvo que es necesario, pero &#8220;no hay que hincarse a cualquier barbon&#8221;.<\/p>\n\n\n\n<p>&#8220;Hay que ver qu\u00e9 es lo que le conviene al Estado, a la gente y ya poder tomar la mejor decisi\u00f3n, pero con un soporte de consenso con las \u00a0comunidades&#8221;, se\u00f1al\u00f3.<\/p>\n\n\n\n<p>Finalmente dio a conocer que, &#8220;nos debemos preocupar m\u00e1s por resolver los problemas h\u00eddricos y estar atentos. Yo creo que el gobernador es gente seria y sensata, pero vamos a ver, es un tema que como \u00e9l ya lo plante\u00f3 corresponde a la Secretar\u00eda de Econom\u00eda&#8221;.<\/p>\n","protected":false},"excerpt":{"rendered":"<p>Dar\u00edo Pale Xalapa, Ver.- La industria automotriz l\u00e1stima mucho al medio ambiente, se debe hacer an\u00e1lisis y no hincarse a cualquier barb\u00f3n, por lo que la instalaci\u00f3n de la ensambladora de autos el\u00e9ctricos Tesla, se debe hacer un an\u00e1lisis concienzudo y no ofrecer todas las facilidades sin analizar las consecuencias, as\u00ed lo se\u00f1al\u00f3 el delegado [&hellip;]<\/p>\n","protected":false},"author":2476,"featured_media":37330,"comment_status":"open","ping_status":"open","sticky":false,"template":"","format":"standard","meta":{"_jetpack_memberships_contains_paid_content":false,"footnotes":""},"categories":[2],"tags":[],"class_list":["post-37329","post","type-post","status-publish","format-standard","has-post-thumbnail","hentry","category-estado"],"jetpack_featured_media_url":"https:\/\/encuentroinformativo.com.mx\/wp-content\/uploads\/2023\/02\/IMG-20230227-WA0044.jpg","jetpack_sharing_enabled":true,"jetpack_likes_enabled":true,"amp_enabled":true,"_links":{"self":[{"href":"https:\/\/encuentroinformativo.com.mx\/index.php?rest_route=\/wp\/v2\/posts\/37329","targetHints":{"allow":["GET"]}}],"collection":[{"href":"https:\/\/encuentroinformativo.com.mx\/index.php?rest_route=\/wp\/v2\/posts"}],"about":[{"href":"https:\/\/encuentroinformativo.com.mx\/index.php?rest_route=\/wp\/v2\/types\/post"}],"author":[{"embeddable":true,"href":"https:\/\/encuentroinformativo.com.mx\/index.php?rest_route=\/wp\/v2\/users\/2476"}],"replies":[{"embeddable":true,"href":"https:\/\/encuentroinformativo.com.mx\/index.php?rest_route=%2Fwp%2Fv2%2Fcomments&post=37329"}],"version-history":[{"count":1,"href":"https:\/\/encuentroinformativo.com.mx\/index.php?rest_route=\/wp\/v2\/posts\/37329\/revisions"}],"predecessor-version":[{"id":37331,"href":"https:\/\/encuentroinformativo.com.mx\/index.php?rest_route=\/wp\/v2\/posts\/37329\/revisions\/37331"}],"wp:featuredmedia":[{"embeddable":true,"href":"https:\/\/encuentroinformativo.com.mx\/index.php?rest_route=\/wp\/v2\/media\/37330"}],"wp:attachment":[{"href":"https:\/\/encuentroinformativo.com.mx\/index.php?rest_route=%2Fwp%2Fv2%2Fmedia&parent=37329"}],"wp:term":[{"taxonomy":"category","embeddable":true,"href":"https:\/\/encuentroinformativo.com.mx\/index.php?rest_route=%2Fwp%2Fv2%2Fcategories&post=37329"},{"taxonomy":"post_tag","embeddable":true,"href":"https:\/\/encuentroinformativo.com.mx\/index.php?rest_route=%2Fwp%2Fv2%2Ftags&post=37329"}],"curies":[{"name":"wp","href":"https:\/\/api.w.org\/{rel}","templated":true}]}}