{"id":3733,"date":"2020-06-30T13:51:49","date_gmt":"2020-06-30T18:51:49","guid":{"rendered":"https:\/\/encuentroinformativo.com\/?p=3733"},"modified":"2020-06-30T13:51:51","modified_gmt":"2020-06-30T18:51:51","slug":"iniciaran-pagos-para-adultos-mayores-senala-huerta","status":"publish","type":"post","link":"https:\/\/encuentroinformativo.com.mx\/?p=3733","title":{"rendered":"Iniciar\u00e1n pagos para adultos mayores, se\u00f1ala Huerta"},"content":{"rendered":"\n<p><strong>Dar\u00edo Pale <\/strong><\/p>\n\n\n\n<p>Xalapa, Ver.- Est\u00e1 por llevarse a cabo el pago a m\u00e1s de 650 mil beneficiados del Programa Adultos Mayores, as\u00ed como m\u00e1s de 50 personas con discapacidad, as\u00ed lo inform\u00f3 el delegado de los Programas Bienestar en Veracruz, Manuel Huerta Ladr\u00f3n de Guevara.<\/p>\n\n\n\n<p>Entrevistado en los pasillos de conocido caf\u00e9 del centro de Xalapa se\u00f1al\u00f3 que, \u00a0adem\u00e1s del pago de Adultos Mayores y personas con discapacidad, los programas emergentes establecidos por el Gobierno Federal, servir\u00e1n para reactivar la econom\u00eda que ha sido afectada por la pandemia.<\/p>\n\n\n\n<p>Ejemplo de ello, dijo, son los 116 mil cr\u00e9ditos que se aprobaron, se han pagado 100 mil, lo que provocan una derrama de m\u00e1s de 2 mil 900 millones en la entidad.<\/p>\n\n\n\n<p>\u201cNo nada m\u00e1s es ir a las causas para atender el rezago, es provocar un modelo econ\u00f3mico que va de abajo hacia arriba, que se dispersen los recursos en la poblaci\u00f3n, porque lo que les interesa al Gobierno de la Rep\u00fablica y al pueblo en esta transformaci\u00f3n no es el crecimiento de unos pocos, o de los que se agandallan, si \u00a0no el desarrollo de todos\u201d, inform\u00f3.<\/p>\n\n\n\n<p>El funcionario federal, destac\u00f3 que recibir\u00e1n 5 mil 240 pesos, ya que se pagar\u00e1 los meses de julio, agosto, septiembre y octubre.<\/p>\n\n\n\n<p>Garantiz\u00f3 que se seguir\u00e1n las medidas de sana distancia para evitar el contagio de Covid-19, pues en la mayor\u00eda del estado se ubica el sem\u00e1foro en colores rojo y naranja.<\/p>\n\n\n\n<p>\u201cEstos operativos, la mitad de ellos se pagan de manera directa y vamos a ir, pero con las medidas de sana distancia que provoca la Secretar\u00eda de Salud y que se instrumentan en Veracruz con el gobierno estatal y los gobiernos municipales,\u201d dio a conocer en entrevista.<\/p>\n\n\n\n<p>Huerta Ladr\u00f3n de Guevara afirm\u00f3 que esta derrama econ\u00f3mica es muy importante porque en adultos mayores y personas con discapacidad se dispersar\u00e1n m\u00e1s de 3 mil 700 millones de pesos en el estado de Veracruz.<\/p>\n\n\n\n<p>\u201cYa los adultos mayores ver\u00e1n en sus cuentas bancarias, los que reciben pensi\u00f3n, a partir de ma\u00f1ana (1 de julio) que ya hay el recurso, nosotros seguiremos en un operativo extendido, con lo que se provocar\u00e1 la recuperaci\u00f3n econ\u00f3mica y para ello no solo los programas sociales, si no los emergentes\u201d, finaliz\u00f3.<\/p>\n\n\n\n<p><\/p>\n","protected":false},"excerpt":{"rendered":"<p>Dar\u00edo Pale Xalapa, Ver.- Est\u00e1 por llevarse a cabo el pago a m\u00e1s de 650 mil beneficiados del Programa Adultos Mayores, as\u00ed como m\u00e1s de 50 personas con discapacidad, as\u00ed lo inform\u00f3 el delegado de los Programas Bienestar en Veracruz, Manuel Huerta Ladr\u00f3n de Guevara. Entrevistado en los pasillos de conocido caf\u00e9 del centro de [&hellip;]<\/p>\n","protected":false},"author":1,"featured_media":3734,"comment_status":"open","ping_status":"open","sticky":false,"template":"","format":"standard","meta":{"_jetpack_memberships_contains_paid_content":false,"footnotes":""},"categories":[2],"tags":[],"class_list":["post-3733","post","type-post","status-publish","format-standard","has-post-thumbnail","hentry","category-estado"],"jetpack_featured_media_url":"https:\/\/encuentroinformativo.com.mx\/wp-content\/uploads\/2020\/06\/9CCCB76C-5B66-4502-973F-D677966DEE14.jpeg","jetpack_sharing_enabled":true,"jetpack_likes_enabled":true,"amp_enabled":true,"_links":{"self":[{"href":"https:\/\/encuentroinformativo.com.mx\/index.php?rest_route=\/wp\/v2\/posts\/3733","targetHints":{"allow":["GET"]}}],"collection":[{"href":"https:\/\/encuentroinformativo.com.mx\/index.php?rest_route=\/wp\/v2\/posts"}],"about":[{"href":"https:\/\/encuentroinformativo.com.mx\/index.php?rest_route=\/wp\/v2\/types\/post"}],"author":[{"embeddable":true,"href":"https:\/\/encuentroinformativo.com.mx\/index.php?rest_route=\/wp\/v2\/users\/1"}],"replies":[{"embeddable":true,"href":"https:\/\/encuentroinformativo.com.mx\/index.php?rest_route=%2Fwp%2Fv2%2Fcomments&post=3733"}],"version-history":[{"count":1,"href":"https:\/\/encuentroinformativo.com.mx\/index.php?rest_route=\/wp\/v2\/posts\/3733\/revisions"}],"predecessor-version":[{"id":3735,"href":"https:\/\/encuentroinformativo.com.mx\/index.php?rest_route=\/wp\/v2\/posts\/3733\/revisions\/3735"}],"wp:featuredmedia":[{"embeddable":true,"href":"https:\/\/encuentroinformativo.com.mx\/index.php?rest_route=\/wp\/v2\/media\/3734"}],"wp:attachment":[{"href":"https:\/\/encuentroinformativo.com.mx\/index.php?rest_route=%2Fwp%2Fv2%2Fmedia&parent=3733"}],"wp:term":[{"taxonomy":"category","embeddable":true,"href":"https:\/\/encuentroinformativo.com.mx\/index.php?rest_route=%2Fwp%2Fv2%2Fcategories&post=3733"},{"taxonomy":"post_tag","embeddable":true,"href":"https:\/\/encuentroinformativo.com.mx\/index.php?rest_route=%2Fwp%2Fv2%2Ftags&post=3733"}],"curies":[{"name":"wp","href":"https:\/\/api.w.org\/{rel}","templated":true}]}}