{"id":37332,"date":"2023-02-27T14:53:11","date_gmt":"2023-02-27T20:53:11","guid":{"rendered":"https:\/\/encuentroinformativo.com.mx\/?p=37332"},"modified":"2023-02-27T14:53:17","modified_gmt":"2023-02-27T20:53:17","slug":"siniestros-de-pemex-llevan-5-decesos-en-sur-de-veracruz","status":"publish","type":"post","link":"https:\/\/encuentroinformativo.com.mx\/?p=37332","title":{"rendered":"Siniestros de PEMEX llevan 5 decesos en sur de Veracruz"},"content":{"rendered":"\n<p><strong>Juan Arcos <\/strong><\/p>\n\n\n\n<p>Xalapa, Ver.- Tres de los cinco trabajadores de Petr\u00f3leos Mexicanos (Pemex) que resultaron lesionados tras la explosi\u00f3n en la refiner\u00eda \u201cGeneral L\u00e1zaro C\u00e1rdenas del R\u00edo\u201d, en Minatitl\u00e1n, han fallecido por la gravedad de sus lesiones.<\/p>\n\n\n\n<p>Este lunes 27 de febrero se confirm\u00f3 el deceso del tercer trabajador. Se trata de Manuel Alejandro Jim\u00e9nez, de 37 a\u00f1os, quien se encontraba en el Hospital de Pemex en Minatitl\u00e1n desde el pasado jueves, despu\u00e9s del incendio.<\/p>\n\n\n\n<p>Manuel tambi\u00e9n laboraba en el departamento de cambiadores de calor y se encontraba en la planta Combinada Maya cuando ocurri\u00f3 el siniestro. Su estado de salud era \u201cdelicado\u201d, pues ten\u00eda quemaduras del tercer grado en varias partes del cuerpo y hab\u00eda sido intubado.<\/p>\n\n\n\n<p>Ayer domingo fueron sepultados sus compa\u00f1eros Leopoldo S\u00e1nchez Calixto y Alan Osvaldo Dom\u00ednguez en el pante\u00f3n del ejido Tacoteno, en Minatitl\u00e1n, al sur de la entidad.<\/p>\n\n\n\n<p>Leopoldo ten\u00eda 42 a\u00f1os y Alan 45. Ambos fueron despedidos por sus familiares, amigos y compa\u00f1eros de Petr\u00f3leos Mexicanos.<\/p>\n\n\n\n<p>Un total de cinco trabajadores petroleros resultaron lesionados tras la explosi\u00f3n e incendio en la refiner\u00eda \u201cGeneral L\u00e1zaro C\u00e1rdenas del R\u00edo\u201d, el pasado jueves 23 de febrero, a las 12:30 horas.<\/p>\n\n\n\n<p>De ellos, solo sigue internado Ferm\u00edn Tenorio Cadena, quien fue trasladado al Hospital Central Sur de Alta Especialidad en la Ciudad de M\u00e9xico. Mientras que Julio Arturo Basurto fue dado de alta.<\/p>\n\n\n\n<p>La empresa paraestatal indic\u00f3 que se llevar\u00edan a cabo las revisiones necesarias para determinar las causas de la explosi\u00f3n.<\/p>\n\n\n\n<p>El viernes 24 de febrero, Pemex confirm\u00f3 que dos trabajadores murieron tras la explosi\u00f3n que tambi\u00e9n se registr\u00f3 el jueves en las instalaciones de Tuzand\u00e9petl en el municipio de Ixhuatl\u00e1n del Sureste.<\/p>\n\n\n\n<p>En un comunicado, indic\u00f3 que durante las actividades de b\u00fasqueda del personal desaparecido fueron encontrados dos cuerpos los cuales est\u00e1n siendo revisados por el Servicio M\u00e9dico Forense, previa autorizaci\u00f3n del Ministerio P\u00fablico Federal. Adem\u00e1s, contin\u00faan las tareas para localizar a los tres trabajadores faltantes.<\/p>\n","protected":false},"excerpt":{"rendered":"<p>Juan Arcos Xalapa, Ver.- Tres de los cinco trabajadores de Petr\u00f3leos Mexicanos (Pemex) que resultaron lesionados tras la explosi\u00f3n en la refiner\u00eda \u201cGeneral L\u00e1zaro C\u00e1rdenas del R\u00edo\u201d, en Minatitl\u00e1n, han fallecido por la gravedad de sus lesiones. Este lunes 27 de febrero se confirm\u00f3 el deceso del tercer trabajador. Se trata de Manuel Alejandro Jim\u00e9nez, [&hellip;]<\/p>\n","protected":false},"author":2476,"featured_media":37333,"comment_status":"open","ping_status":"open","sticky":false,"template":"","format":"standard","meta":{"_jetpack_memberships_contains_paid_content":false,"footnotes":""},"categories":[2],"tags":[],"class_list":["post-37332","post","type-post","status-publish","format-standard","has-post-thumbnail","hentry","category-estado"],"jetpack_featured_media_url":"https:\/\/encuentroinformativo.com.mx\/wp-content\/uploads\/2023\/02\/IMG_4567.jpg","jetpack_sharing_enabled":true,"jetpack_likes_enabled":true,"amp_enabled":true,"_links":{"self":[{"href":"https:\/\/encuentroinformativo.com.mx\/index.php?rest_route=\/wp\/v2\/posts\/37332","targetHints":{"allow":["GET"]}}],"collection":[{"href":"https:\/\/encuentroinformativo.com.mx\/index.php?rest_route=\/wp\/v2\/posts"}],"about":[{"href":"https:\/\/encuentroinformativo.com.mx\/index.php?rest_route=\/wp\/v2\/types\/post"}],"author":[{"embeddable":true,"href":"https:\/\/encuentroinformativo.com.mx\/index.php?rest_route=\/wp\/v2\/users\/2476"}],"replies":[{"embeddable":true,"href":"https:\/\/encuentroinformativo.com.mx\/index.php?rest_route=%2Fwp%2Fv2%2Fcomments&post=37332"}],"version-history":[{"count":1,"href":"https:\/\/encuentroinformativo.com.mx\/index.php?rest_route=\/wp\/v2\/posts\/37332\/revisions"}],"predecessor-version":[{"id":37334,"href":"https:\/\/encuentroinformativo.com.mx\/index.php?rest_route=\/wp\/v2\/posts\/37332\/revisions\/37334"}],"wp:featuredmedia":[{"embeddable":true,"href":"https:\/\/encuentroinformativo.com.mx\/index.php?rest_route=\/wp\/v2\/media\/37333"}],"wp:attachment":[{"href":"https:\/\/encuentroinformativo.com.mx\/index.php?rest_route=%2Fwp%2Fv2%2Fmedia&parent=37332"}],"wp:term":[{"taxonomy":"category","embeddable":true,"href":"https:\/\/encuentroinformativo.com.mx\/index.php?rest_route=%2Fwp%2Fv2%2Fcategories&post=37332"},{"taxonomy":"post_tag","embeddable":true,"href":"https:\/\/encuentroinformativo.com.mx\/index.php?rest_route=%2Fwp%2Fv2%2Ftags&post=37332"}],"curies":[{"name":"wp","href":"https:\/\/api.w.org\/{rel}","templated":true}]}}