{"id":37335,"date":"2023-02-27T14:58:43","date_gmt":"2023-02-27T20:58:43","guid":{"rendered":"https:\/\/encuentroinformativo.com.mx\/?p=37335"},"modified":"2023-02-27T14:58:47","modified_gmt":"2023-02-27T20:58:47","slug":"taxista-reclama-justicia-ebrio-conductor-se-niega-a-indemnizarlo","status":"publish","type":"post","link":"https:\/\/encuentroinformativo.com.mx\/?p=37335","title":{"rendered":"Taxista reclama justicia, ebrio conductor se niega a indemnizarlo"},"content":{"rendered":"\n<p><strong>Juan Arcos <\/strong><\/p>\n\n\n\n<p>Xalapa, Ver.- El taxista Leonardo Rojas Ruiz exigi\u00f3 la intervenci\u00f3n del gobernador Cuitl\u00e1huac Garc\u00eda Jim\u00e9nez para que se haga justicia por el accidente vial que ocasion\u00f3 un ebrio conductor y que le dej\u00f3 heridas graves.<\/p>\n\n\n\n<p>El joven, de 29 a\u00f1os, es originario del municipio de Jalacingo y tambi\u00e9n pidi\u00f3 apoyo a la Fiscal\u00eda General del Estado (FGE), pues hace cuatro a\u00f1os fue impactado por otro veh\u00edculo, cuyo conductor se niega a indemnizarlo.<\/p>\n\n\n\n<p>Los hechos ocurrieron el 19 de agosto de 2018 en dicha localidad, ubicada en la zona central del estado, a unos 80 kil\u00f3metros de la ciudad de Xalapa, la capital de Veracruz.<\/p>\n\n\n\n<p>\u201cYa cuatro a\u00f1os de este accidente, la persona iba tomada y drogada. La persona que yo llevaba falleci\u00f3, pero hasta la fecha no he recibido apoyo\u201d, expres\u00f3.<\/p>\n\n\n\n<p>Leonardo result\u00f3 con dos fracturas en el f\u00e9mur y una en la cadera. Fue sometido a cirug\u00edas y le pusieron tornillos, pero ahora se le dificulta caminar y trabajar.<\/p>\n\n\n\n<p>\u201cYo tengo dos hijos, yo era el sost\u00e9n de la familia y esa persona que fue responsable no est\u00e9 pagando nada, ande libre en la calle y no es justo que no pague, que no d\u00e9 nada\u201d, agreg\u00f3.<\/p>\n\n\n\n<p>El presunto responsable prefiri\u00f3 pagar los da\u00f1os a la propietaria del taxi, pero no ha cubierto la indemnizaci\u00f3n de Leonardo.<\/p>\n\n\n\n<p>\u201cSe le hace injusto que esa persona no est\u00e9 pagando con c\u00e1rcel ni nada a pese de que iba tomado, iba drogado, tampoco pag\u00f3 a\u00f1os familiares del difunto. Mi audiencia es este lunes y yo nada mas pido justicia\u201d, finaliz\u00f3.<\/p>\n","protected":false},"excerpt":{"rendered":"<p>Juan Arcos Xalapa, Ver.- El taxista Leonardo Rojas Ruiz exigi\u00f3 la intervenci\u00f3n del gobernador Cuitl\u00e1huac Garc\u00eda Jim\u00e9nez para que se haga justicia por el accidente vial que ocasion\u00f3 un ebrio conductor y que le dej\u00f3 heridas graves. El joven, de 29 a\u00f1os, es originario del municipio de Jalacingo y tambi\u00e9n pidi\u00f3 apoyo a la Fiscal\u00eda [&hellip;]<\/p>\n","protected":false},"author":2476,"featured_media":37336,"comment_status":"open","ping_status":"open","sticky":false,"template":"","format":"standard","meta":{"_jetpack_memberships_contains_paid_content":false,"footnotes":""},"categories":[8],"tags":[],"class_list":["post-37335","post","type-post","status-publish","format-standard","has-post-thumbnail","hentry","category-region"],"jetpack_featured_media_url":"https:\/\/encuentroinformativo.com.mx\/wp-content\/uploads\/2023\/02\/IMG_4538.jpg","jetpack_sharing_enabled":true,"jetpack_likes_enabled":true,"amp_enabled":true,"_links":{"self":[{"href":"https:\/\/encuentroinformativo.com.mx\/index.php?rest_route=\/wp\/v2\/posts\/37335","targetHints":{"allow":["GET"]}}],"collection":[{"href":"https:\/\/encuentroinformativo.com.mx\/index.php?rest_route=\/wp\/v2\/posts"}],"about":[{"href":"https:\/\/encuentroinformativo.com.mx\/index.php?rest_route=\/wp\/v2\/types\/post"}],"author":[{"embeddable":true,"href":"https:\/\/encuentroinformativo.com.mx\/index.php?rest_route=\/wp\/v2\/users\/2476"}],"replies":[{"embeddable":true,"href":"https:\/\/encuentroinformativo.com.mx\/index.php?rest_route=%2Fwp%2Fv2%2Fcomments&post=37335"}],"version-history":[{"count":1,"href":"https:\/\/encuentroinformativo.com.mx\/index.php?rest_route=\/wp\/v2\/posts\/37335\/revisions"}],"predecessor-version":[{"id":37337,"href":"https:\/\/encuentroinformativo.com.mx\/index.php?rest_route=\/wp\/v2\/posts\/37335\/revisions\/37337"}],"wp:featuredmedia":[{"embeddable":true,"href":"https:\/\/encuentroinformativo.com.mx\/index.php?rest_route=\/wp\/v2\/media\/37336"}],"wp:attachment":[{"href":"https:\/\/encuentroinformativo.com.mx\/index.php?rest_route=%2Fwp%2Fv2%2Fmedia&parent=37335"}],"wp:term":[{"taxonomy":"category","embeddable":true,"href":"https:\/\/encuentroinformativo.com.mx\/index.php?rest_route=%2Fwp%2Fv2%2Fcategories&post=37335"},{"taxonomy":"post_tag","embeddable":true,"href":"https:\/\/encuentroinformativo.com.mx\/index.php?rest_route=%2Fwp%2Fv2%2Ftags&post=37335"}],"curies":[{"name":"wp","href":"https:\/\/api.w.org\/{rel}","templated":true}]}}