{"id":37338,"date":"2023-02-27T15:02:39","date_gmt":"2023-02-27T21:02:39","guid":{"rendered":"https:\/\/encuentroinformativo.com.mx\/?p=37338"},"modified":"2023-02-27T15:02:42","modified_gmt":"2023-02-27T21:02:42","slug":"de-nuevo-se-queda-sin-agua-poza-rica-caev-desconoce-tiempo-de-reparacion","status":"publish","type":"post","link":"https:\/\/encuentroinformativo.com.mx\/?p=37338","title":{"rendered":"\u00a1De nuevo! se queda sin agua Poza Rica, CAEV desconoce tiempo de reparaci\u00f3n"},"content":{"rendered":"\n<p><strong>Alejandro \u00c1vila<\/strong><\/p>\n\n\n\n<p>Poza Rica, Ver.- Una vez m\u00e1s el municipio de Poza Rica se quedar\u00e1 sin el suministro de agua potable, toda vez que la oficina de la Comisi\u00f3n de Agua del Estado de Veracruz (CAEV) anunci\u00f3 que debido a la ruptura de una l\u00ednea de convicci\u00f3n de 30 pulgadas se dejar\u00e1 de proveer de l\u00edquido a todos los ciudadanos.<\/p>\n\n\n\n<p>La CAEV inform\u00f3 a los ciudadanos que a las 6:45 de la ma\u00f1ana de este lunes se rompi\u00f3 la l\u00ednea de distribuci\u00f3n, lo que gener\u00f3 la interrupci\u00f3n del bombeo de agua a la ciudad; al momento la dependencia Estatal desconoce cu\u00e1ndo podr\u00e1 retomarse el servicio.<\/p>\n\n\n\n<p>Si bien se anunci\u00f3 que ya hay personal de la CAEV trabajando en solucionar el problema, se pidi\u00f3 a la ciudadan\u00eda hacer uso racional del agua, debido a que no hay una fecha concreta para restablecer el servicio.<\/p>\n\n\n\n<p>A trav\u00e9s de redes sociales diversos usuarios reaccionaron en\u00e9rgicamente en contra de la CAEV, ya que la falta de agua es constante en Poza Rica debido a la falta de mantenimiento de las l\u00edneas de distribuci\u00f3n, las cuales llevan cerca de 40 a\u00f1os sin ser renovadas.<\/p>\n","protected":false},"excerpt":{"rendered":"<p>Alejandro \u00c1vila Poza Rica, Ver.- Una vez m\u00e1s el municipio de Poza Rica se quedar\u00e1 sin el suministro de agua potable, toda vez que la oficina de la Comisi\u00f3n de Agua del Estado de Veracruz (CAEV) anunci\u00f3 que debido a la ruptura de una l\u00ednea de convicci\u00f3n de 30 pulgadas se dejar\u00e1 de proveer de [&hellip;]<\/p>\n","protected":false},"author":2476,"featured_media":37339,"comment_status":"open","ping_status":"open","sticky":false,"template":"","format":"standard","meta":{"_jetpack_memberships_contains_paid_content":false,"footnotes":""},"categories":[2],"tags":[],"class_list":["post-37338","post","type-post","status-publish","format-standard","has-post-thumbnail","hentry","category-estado"],"jetpack_featured_media_url":"https:\/\/encuentroinformativo.com.mx\/wp-content\/uploads\/2023\/02\/IMG-20230227-WA0049.jpg","jetpack_sharing_enabled":true,"jetpack_likes_enabled":true,"amp_enabled":true,"_links":{"self":[{"href":"https:\/\/encuentroinformativo.com.mx\/index.php?rest_route=\/wp\/v2\/posts\/37338","targetHints":{"allow":["GET"]}}],"collection":[{"href":"https:\/\/encuentroinformativo.com.mx\/index.php?rest_route=\/wp\/v2\/posts"}],"about":[{"href":"https:\/\/encuentroinformativo.com.mx\/index.php?rest_route=\/wp\/v2\/types\/post"}],"author":[{"embeddable":true,"href":"https:\/\/encuentroinformativo.com.mx\/index.php?rest_route=\/wp\/v2\/users\/2476"}],"replies":[{"embeddable":true,"href":"https:\/\/encuentroinformativo.com.mx\/index.php?rest_route=%2Fwp%2Fv2%2Fcomments&post=37338"}],"version-history":[{"count":1,"href":"https:\/\/encuentroinformativo.com.mx\/index.php?rest_route=\/wp\/v2\/posts\/37338\/revisions"}],"predecessor-version":[{"id":37340,"href":"https:\/\/encuentroinformativo.com.mx\/index.php?rest_route=\/wp\/v2\/posts\/37338\/revisions\/37340"}],"wp:featuredmedia":[{"embeddable":true,"href":"https:\/\/encuentroinformativo.com.mx\/index.php?rest_route=\/wp\/v2\/media\/37339"}],"wp:attachment":[{"href":"https:\/\/encuentroinformativo.com.mx\/index.php?rest_route=%2Fwp%2Fv2%2Fmedia&parent=37338"}],"wp:term":[{"taxonomy":"category","embeddable":true,"href":"https:\/\/encuentroinformativo.com.mx\/index.php?rest_route=%2Fwp%2Fv2%2Fcategories&post=37338"},{"taxonomy":"post_tag","embeddable":true,"href":"https:\/\/encuentroinformativo.com.mx\/index.php?rest_route=%2Fwp%2Fv2%2Ftags&post=37338"}],"curies":[{"name":"wp","href":"https:\/\/api.w.org\/{rel}","templated":true}]}}