{"id":37341,"date":"2023-02-27T15:07:02","date_gmt":"2023-02-27T21:07:02","guid":{"rendered":"https:\/\/encuentroinformativo.com.mx\/?p=37341"},"modified":"2023-02-27T15:07:05","modified_gmt":"2023-02-27T21:07:05","slug":"desestima-gobernador-marcha-a-favor-del-ine","status":"publish","type":"post","link":"https:\/\/encuentroinformativo.com.mx\/?p=37341","title":{"rendered":"Desestima gobernador marcha a favor del INE"},"content":{"rendered":"\n<p><strong>Israel Garc\u00eda<\/strong><\/p>\n\n\n\n<p>Xalapa, Ver.- En conferencia de prensa el gobernador Cuitl\u00e1huac Garc\u00eda Jim\u00e9nez, arremeti\u00f3 en contra de la marcha efectuada este domingo a favor del Instituto Nacional Electoral (INE).<\/p>\n\n\n\n<p>Y es que aunque afirm\u00f3 que las marchas efectuadas en distintos puntos del pa\u00eds en defensa del INE son una muestra de que se garantiza la libertad de expresi\u00f3n y eso es bueno, acus\u00f3 que se deben dar a conocer los \u201csalarios excesivos\u201d de los funcionarios del \u00f3rgano electoral.<\/p>\n\n\n\n<p>\u201cEn el pa\u00eds poca gente sab\u00eda que m\u00e1s 500 funcionarios del Instituto Nacional Electoral cobran salarios excesivos, ganan m\u00e1s que el Presidente de la Rep\u00fablica Andr\u00e9s Manuel L\u00f3pez Obrador\u2026 van a recibir una millonaria cantidad por su finiquito de liquidaci\u00f3n\u201d.<\/p>\n\n\n\n<p>Finalmente al igual que el presidente de la rep\u00fablica dijo que los integrantes de la marcha defienden al ex secretario de Seguridad P\u00fablica Federal, Genaro Garc\u00eda Luna.<\/p>\n\n\n\n<p>\u201cPens\u00e9 que era sentido de broma que defend\u00edan a Genaro Garc\u00eda Luna, hay un video donde est\u00e1n (los manifestantes) desprendiendo los letreros que dicen que es culpable\u201d.<\/p>\n","protected":false},"excerpt":{"rendered":"<p>Israel Garc\u00eda Xalapa, Ver.- En conferencia de prensa el gobernador Cuitl\u00e1huac Garc\u00eda Jim\u00e9nez, arremeti\u00f3 en contra de la marcha efectuada este domingo a favor del Instituto Nacional Electoral (INE). Y es que aunque afirm\u00f3 que las marchas efectuadas en distintos puntos del pa\u00eds en defensa del INE son una muestra de que se garantiza la [&hellip;]<\/p>\n","protected":false},"author":2476,"featured_media":37342,"comment_status":"open","ping_status":"open","sticky":false,"template":"","format":"standard","meta":{"_jetpack_memberships_contains_paid_content":false,"footnotes":""},"categories":[2],"tags":[],"class_list":["post-37341","post","type-post","status-publish","format-standard","has-post-thumbnail","hentry","category-estado"],"jetpack_featured_media_url":"https:\/\/encuentroinformativo.com.mx\/wp-content\/uploads\/2023\/02\/Photo_16775319064082.jpg","jetpack_sharing_enabled":true,"jetpack_likes_enabled":true,"amp_enabled":true,"_links":{"self":[{"href":"https:\/\/encuentroinformativo.com.mx\/index.php?rest_route=\/wp\/v2\/posts\/37341","targetHints":{"allow":["GET"]}}],"collection":[{"href":"https:\/\/encuentroinformativo.com.mx\/index.php?rest_route=\/wp\/v2\/posts"}],"about":[{"href":"https:\/\/encuentroinformativo.com.mx\/index.php?rest_route=\/wp\/v2\/types\/post"}],"author":[{"embeddable":true,"href":"https:\/\/encuentroinformativo.com.mx\/index.php?rest_route=\/wp\/v2\/users\/2476"}],"replies":[{"embeddable":true,"href":"https:\/\/encuentroinformativo.com.mx\/index.php?rest_route=%2Fwp%2Fv2%2Fcomments&post=37341"}],"version-history":[{"count":1,"href":"https:\/\/encuentroinformativo.com.mx\/index.php?rest_route=\/wp\/v2\/posts\/37341\/revisions"}],"predecessor-version":[{"id":37343,"href":"https:\/\/encuentroinformativo.com.mx\/index.php?rest_route=\/wp\/v2\/posts\/37341\/revisions\/37343"}],"wp:featuredmedia":[{"embeddable":true,"href":"https:\/\/encuentroinformativo.com.mx\/index.php?rest_route=\/wp\/v2\/media\/37342"}],"wp:attachment":[{"href":"https:\/\/encuentroinformativo.com.mx\/index.php?rest_route=%2Fwp%2Fv2%2Fmedia&parent=37341"}],"wp:term":[{"taxonomy":"category","embeddable":true,"href":"https:\/\/encuentroinformativo.com.mx\/index.php?rest_route=%2Fwp%2Fv2%2Fcategories&post=37341"},{"taxonomy":"post_tag","embeddable":true,"href":"https:\/\/encuentroinformativo.com.mx\/index.php?rest_route=%2Fwp%2Fv2%2Ftags&post=37341"}],"curies":[{"name":"wp","href":"https:\/\/api.w.org\/{rel}","templated":true}]}}