{"id":37344,"date":"2023-02-27T16:07:05","date_gmt":"2023-02-27T22:07:05","guid":{"rendered":"https:\/\/encuentroinformativo.com.mx\/?p=37344"},"modified":"2023-02-27T16:07:08","modified_gmt":"2023-02-27T22:07:08","slug":"reclaman-pagos-de-promocion-horizontal-en-la-sev","status":"publish","type":"post","link":"https:\/\/encuentroinformativo.com.mx\/?p=37344","title":{"rendered":"Reclaman pagos de promoci\u00f3n horizontal en la SEV"},"content":{"rendered":"\n<p><strong>Juan Arcos <\/strong><\/p>\n\n\n\n<p>Xalapa, Ver.- Profesores del sistema estatal protestaron en las oficinas centrales de la Secretar\u00eda de Educaci\u00f3n de Veracruz (SEV), para exigir pagos y equidad en el presupuesto destinado a promoci\u00f3n horizontal para docentes estatales y federales.<\/p>\n\n\n\n<p>Los quejosos fueron atendidos por autoridades educativas en esta dependencia ubicada sobre la carretera federal Xalapa-Veracruz.<\/p>\n\n\n\n<p>Las personas indicaron que del total de los docentes que participaron en el programa de promoci\u00f3n horizontal 2022-2023 s\u00f3lo se tuvo un sostenimiento estatal del 12 por ciento.<\/p>\n\n\n\n<p>Mientras que el sostenimiento federal para el mismo periodo fue del 21 por ciento, cifra que casi duplica la estatal.<\/p>\n\n\n\n<p>Los acad\u00e9micos colocaron lonas sobre la reja perimetral de la SEV, donde indicaron que es injusto el trato hacia los docentes del sistema estatal.<\/p>\n\n\n\n<p>Tambi\u00e9n reclamaron el pronto pago a los profesores promovidos en el proceso 2022-2023.<br>\u201c\u00bfD\u00f3nde qued\u00f3 la revalorizaci\u00f3n magisterial? \u00a1No somos docentes de segunda!\u201d, se lee en algunos de sus mensajes.<\/p>\n","protected":false},"excerpt":{"rendered":"<p>Juan Arcos Xalapa, Ver.- Profesores del sistema estatal protestaron en las oficinas centrales de la Secretar\u00eda de Educaci\u00f3n de Veracruz (SEV), para exigir pagos y equidad en el presupuesto destinado a promoci\u00f3n horizontal para docentes estatales y federales. Los quejosos fueron atendidos por autoridades educativas en esta dependencia ubicada sobre la carretera federal Xalapa-Veracruz. Las [&hellip;]<\/p>\n","protected":false},"author":2476,"featured_media":37345,"comment_status":"open","ping_status":"open","sticky":false,"template":"","format":"standard","meta":{"_jetpack_memberships_contains_paid_content":false,"footnotes":""},"categories":[3],"tags":[],"class_list":["post-37344","post","type-post","status-publish","format-standard","has-post-thumbnail","hentry","category-xalapa"],"jetpack_featured_media_url":"https:\/\/encuentroinformativo.com.mx\/wp-content\/uploads\/2023\/02\/IMG_4561.jpg","jetpack_sharing_enabled":true,"jetpack_likes_enabled":true,"amp_enabled":true,"_links":{"self":[{"href":"https:\/\/encuentroinformativo.com.mx\/index.php?rest_route=\/wp\/v2\/posts\/37344","targetHints":{"allow":["GET"]}}],"collection":[{"href":"https:\/\/encuentroinformativo.com.mx\/index.php?rest_route=\/wp\/v2\/posts"}],"about":[{"href":"https:\/\/encuentroinformativo.com.mx\/index.php?rest_route=\/wp\/v2\/types\/post"}],"author":[{"embeddable":true,"href":"https:\/\/encuentroinformativo.com.mx\/index.php?rest_route=\/wp\/v2\/users\/2476"}],"replies":[{"embeddable":true,"href":"https:\/\/encuentroinformativo.com.mx\/index.php?rest_route=%2Fwp%2Fv2%2Fcomments&post=37344"}],"version-history":[{"count":1,"href":"https:\/\/encuentroinformativo.com.mx\/index.php?rest_route=\/wp\/v2\/posts\/37344\/revisions"}],"predecessor-version":[{"id":37346,"href":"https:\/\/encuentroinformativo.com.mx\/index.php?rest_route=\/wp\/v2\/posts\/37344\/revisions\/37346"}],"wp:featuredmedia":[{"embeddable":true,"href":"https:\/\/encuentroinformativo.com.mx\/index.php?rest_route=\/wp\/v2\/media\/37345"}],"wp:attachment":[{"href":"https:\/\/encuentroinformativo.com.mx\/index.php?rest_route=%2Fwp%2Fv2%2Fmedia&parent=37344"}],"wp:term":[{"taxonomy":"category","embeddable":true,"href":"https:\/\/encuentroinformativo.com.mx\/index.php?rest_route=%2Fwp%2Fv2%2Fcategories&post=37344"},{"taxonomy":"post_tag","embeddable":true,"href":"https:\/\/encuentroinformativo.com.mx\/index.php?rest_route=%2Fwp%2Fv2%2Ftags&post=37344"}],"curies":[{"name":"wp","href":"https:\/\/api.w.org\/{rel}","templated":true}]}}