{"id":3736,"date":"2020-06-30T14:48:44","date_gmt":"2020-06-30T19:48:44","guid":{"rendered":"https:\/\/encuentroinformativo.com\/?p=3736"},"modified":"2020-06-30T14:48:46","modified_gmt":"2020-06-30T19:48:46","slug":"establecen-dos-lineas-de-investigacion-por-homicidio-de-rectora","status":"publish","type":"post","link":"https:\/\/encuentroinformativo.com.mx\/?p=3736","title":{"rendered":"Establecen dos l\u00edneas de investigaci\u00f3n por homicidio de rectora"},"content":{"rendered":"\n<p><strong>Juan Arcos <\/strong><\/p>\n\n\n\n<p>Xalapa, Ver.- La titular de la Fiscal\u00eda General del Estado de Veracruz (FGE), Ver\u00f3nica Hern\u00e1ndez Giad\u00e1ns, revel\u00f3 que existen dos l\u00edneas de investigaci\u00f3n sobre el asesinato de Guadalupe Mart\u00ednez, rectora de la Universidad Valladolid.<\/p>\n\n\n\n<p>Luego del crimen ocurrido la ma\u00f1ana del lunes en el fraccionamiento Bugambilias, municipio de Emiliano Zapata, muy cerca de Xalapa, la capital del estado, se llev\u00f3 a cabo la mesa para la Coordinaci\u00f3n de la Construcci\u00f3n de la Paz, en Palacio de Gobierno.<\/p>\n\n\n\n<p>La reuni\u00f3n fue presidida por el gobernador Cuitl\u00e1huac Garc\u00eda Jim\u00e9nez, donde se precis\u00f3 que a trav\u00e9s de los trabajos de investigaci\u00f3n de la Polic\u00eda Ministerial y de la Direcci\u00f3n de Servicios Periciales se consiguieron datos importantes que permitir\u00e1n dar con la captura de los responsables materiales e intelectuales del hecho delictivo.<\/p>\n\n\n\n<p>La Fiscal de Veracruz garantiz\u00f3 que pronto se dar\u00e1 con los implicados en este caso, con el objetivo de que ning\u00fan delito quede impune y se garantice la procuraci\u00f3n de justicia en Veracruz.<\/p>\n\n\n\n<p>Tambi\u00e9n detall\u00f3 que gracias a la colaboraci\u00f3n y coordinaci\u00f3n con fuerzas federales y la Secretar\u00eda de Seguridad P\u00fablica se pudo obtener informaci\u00f3n importante sobre este homicidio.<\/p>\n\n\n\n<p>Hern\u00e1ndez Giad\u00e1ns no proporcion\u00f3 m\u00e1s detalles por la secrec\u00eda en las investigaciones; sin embargo, reiter\u00f3 que el caso no quedar\u00e1 impune.<\/p>\n\n\n\n<p>La Rectora fue asesinada a tiros a un costado del plantel educativo, por lo que la Secretar\u00eda de Seguridad P\u00fablica implement\u00f3 un operativo por tierra y aire en busca de los responsables, quienes lograron escapar.<\/p>\n\n\n\n<p>Por su parte, el secretario de Seguridad P\u00fablica en el estado, Hugo Guti\u00e9rrez Maldonado, indic\u00f3 que esta corporaci\u00f3n coadyuva con la Fiscal\u00eda General del Estado en las indagatorias que permitan dar con los responsables de este il\u00edcito.<\/p>\n\n\n\n<p>Cabe recorrer que Veracruz se encuentra en los primeros lugares a nivel nacional con m\u00e1s feminicidios registrados. En 2019, fue el estado con m\u00e1s denuncias por dicho delito.<\/p>\n\n\n\n<p><\/p>\n","protected":false},"excerpt":{"rendered":"<p>Juan Arcos Xalapa, Ver.- La titular de la Fiscal\u00eda General del Estado de Veracruz (FGE), Ver\u00f3nica Hern\u00e1ndez Giad\u00e1ns, revel\u00f3 que existen dos l\u00edneas de investigaci\u00f3n sobre el asesinato de Guadalupe Mart\u00ednez, rectora de la Universidad Valladolid. Luego del crimen ocurrido la ma\u00f1ana del lunes en el fraccionamiento Bugambilias, municipio de Emiliano Zapata, muy cerca de [&hellip;]<\/p>\n","protected":false},"author":1,"featured_media":3705,"comment_status":"open","ping_status":"open","sticky":false,"template":"","format":"standard","meta":{"_jetpack_memberships_contains_paid_content":false,"footnotes":""},"categories":[3],"tags":[],"class_list":["post-3736","post","type-post","status-publish","format-standard","has-post-thumbnail","hentry","category-xalapa"],"jetpack_featured_media_url":"https:\/\/encuentroinformativo.com.mx\/wp-content\/uploads\/2020\/06\/6D938178-58A7-4B75-A701-5A6529E0F837.jpeg","jetpack_sharing_enabled":true,"jetpack_likes_enabled":true,"amp_enabled":true,"_links":{"self":[{"href":"https:\/\/encuentroinformativo.com.mx\/index.php?rest_route=\/wp\/v2\/posts\/3736","targetHints":{"allow":["GET"]}}],"collection":[{"href":"https:\/\/encuentroinformativo.com.mx\/index.php?rest_route=\/wp\/v2\/posts"}],"about":[{"href":"https:\/\/encuentroinformativo.com.mx\/index.php?rest_route=\/wp\/v2\/types\/post"}],"author":[{"embeddable":true,"href":"https:\/\/encuentroinformativo.com.mx\/index.php?rest_route=\/wp\/v2\/users\/1"}],"replies":[{"embeddable":true,"href":"https:\/\/encuentroinformativo.com.mx\/index.php?rest_route=%2Fwp%2Fv2%2Fcomments&post=3736"}],"version-history":[{"count":1,"href":"https:\/\/encuentroinformativo.com.mx\/index.php?rest_route=\/wp\/v2\/posts\/3736\/revisions"}],"predecessor-version":[{"id":3737,"href":"https:\/\/encuentroinformativo.com.mx\/index.php?rest_route=\/wp\/v2\/posts\/3736\/revisions\/3737"}],"wp:featuredmedia":[{"embeddable":true,"href":"https:\/\/encuentroinformativo.com.mx\/index.php?rest_route=\/wp\/v2\/media\/3705"}],"wp:attachment":[{"href":"https:\/\/encuentroinformativo.com.mx\/index.php?rest_route=%2Fwp%2Fv2%2Fmedia&parent=3736"}],"wp:term":[{"taxonomy":"category","embeddable":true,"href":"https:\/\/encuentroinformativo.com.mx\/index.php?rest_route=%2Fwp%2Fv2%2Fcategories&post=3736"},{"taxonomy":"post_tag","embeddable":true,"href":"https:\/\/encuentroinformativo.com.mx\/index.php?rest_route=%2Fwp%2Fv2%2Ftags&post=3736"}],"curies":[{"name":"wp","href":"https:\/\/api.w.org\/{rel}","templated":true}]}}