{"id":37363,"date":"2023-02-28T10:58:28","date_gmt":"2023-02-28T16:58:28","guid":{"rendered":"https:\/\/encuentroinformativo.com.mx\/?p=37363"},"modified":"2023-02-28T10:58:32","modified_gmt":"2023-02-28T16:58:32","slug":"pese-al-asesinato-de-docente-continuan-las-clases-en-cam-de-orizaba","status":"publish","type":"post","link":"https:\/\/encuentroinformativo.com.mx\/?p=37363","title":{"rendered":"Pese al asesinato de docente contin\u00faan las clases en CAM de Orizaba"},"content":{"rendered":"\n<p><strong>Alejandro \u00c1vila<\/strong><\/p>\n\n\n\n<p>Veracruz, Ver.- A pesar del asesinato de una docente de educaci\u00f3n especial la tarde de este lunes en el municipio de Orizaba, la instituci\u00f3n educativa donde la profesora laboraba contin\u00faa con sus clases de manera normal, asegur\u00f3 el secretario de Educaci\u00f3n, Zenyazen Escobar Garc\u00eda.<\/p>\n\n\n\n<p>Es de recordar que una docente fue ultimada a balazos por sicarios, la tarde de este lunes a las afueras del Centro de Atenci\u00f3n M\u00faltiple (CAM) n\u00famero 15 en la ciudad de Orizaba.<\/p>\n\n\n\n<p>&#8220;Se dio afuera de la instituci\u00f3n, no dentro. Los compa\u00f1eros de la Supervisi\u00f3n escucharon, salieron, despu\u00e9s de la detonaci\u00f3n de arma, pero no fue un hecho que fuera dentro de la propia instituci\u00f3n (\u2026) s\u00ed, como tal, s\u00ed, en la instituci\u00f3n normal&#8221;, subray\u00f3.<\/p>\n\n\n\n<p>El funcionario estatal descart\u00f3 hablar sobre las l\u00edneas de investigaci\u00f3n del caso y si se trat\u00f3 de una venganza o un asunto personal, toda vez que asegur\u00f3 ese trabajo le corresponde a la Fiscal\u00eda General del Estado; aunque afirm\u00f3 se trabaja para dar con los responsables.<\/p>\n\n\n\n<p>&#8220;La linea de investigaci\u00f3n se va a dar, y a m\u00ed no me gustar\u00eda dar comentarios, no vaya a ser impropio. Lo primero que yo les puedo decir es que se va a dar con la o \u00e9l responsable de este suceso&#8221;, asest\u00f3.<\/p>\n","protected":false},"excerpt":{"rendered":"<p>Alejandro \u00c1vila Veracruz, Ver.- A pesar del asesinato de una docente de educaci\u00f3n especial la tarde de este lunes en el municipio de Orizaba, la instituci\u00f3n educativa donde la profesora laboraba contin\u00faa con sus clases de manera normal, asegur\u00f3 el secretario de Educaci\u00f3n, Zenyazen Escobar Garc\u00eda. Es de recordar que una docente fue ultimada a [&hellip;]<\/p>\n","protected":false},"author":2476,"featured_media":37364,"comment_status":"open","ping_status":"open","sticky":false,"template":"","format":"standard","meta":{"_jetpack_memberships_contains_paid_content":false,"footnotes":""},"categories":[2],"tags":[],"class_list":["post-37363","post","type-post","status-publish","format-standard","has-post-thumbnail","hentry","category-estado"],"jetpack_featured_media_url":"https:\/\/encuentroinformativo.com.mx\/wp-content\/uploads\/2023\/02\/IMG-20230228-WA0035.jpg","jetpack_sharing_enabled":true,"jetpack_likes_enabled":true,"amp_enabled":true,"_links":{"self":[{"href":"https:\/\/encuentroinformativo.com.mx\/index.php?rest_route=\/wp\/v2\/posts\/37363","targetHints":{"allow":["GET"]}}],"collection":[{"href":"https:\/\/encuentroinformativo.com.mx\/index.php?rest_route=\/wp\/v2\/posts"}],"about":[{"href":"https:\/\/encuentroinformativo.com.mx\/index.php?rest_route=\/wp\/v2\/types\/post"}],"author":[{"embeddable":true,"href":"https:\/\/encuentroinformativo.com.mx\/index.php?rest_route=\/wp\/v2\/users\/2476"}],"replies":[{"embeddable":true,"href":"https:\/\/encuentroinformativo.com.mx\/index.php?rest_route=%2Fwp%2Fv2%2Fcomments&post=37363"}],"version-history":[{"count":1,"href":"https:\/\/encuentroinformativo.com.mx\/index.php?rest_route=\/wp\/v2\/posts\/37363\/revisions"}],"predecessor-version":[{"id":37365,"href":"https:\/\/encuentroinformativo.com.mx\/index.php?rest_route=\/wp\/v2\/posts\/37363\/revisions\/37365"}],"wp:featuredmedia":[{"embeddable":true,"href":"https:\/\/encuentroinformativo.com.mx\/index.php?rest_route=\/wp\/v2\/media\/37364"}],"wp:attachment":[{"href":"https:\/\/encuentroinformativo.com.mx\/index.php?rest_route=%2Fwp%2Fv2%2Fmedia&parent=37363"}],"wp:term":[{"taxonomy":"category","embeddable":true,"href":"https:\/\/encuentroinformativo.com.mx\/index.php?rest_route=%2Fwp%2Fv2%2Fcategories&post=37363"},{"taxonomy":"post_tag","embeddable":true,"href":"https:\/\/encuentroinformativo.com.mx\/index.php?rest_route=%2Fwp%2Fv2%2Ftags&post=37363"}],"curies":[{"name":"wp","href":"https:\/\/api.w.org\/{rel}","templated":true}]}}