{"id":37379,"date":"2023-02-28T12:53:15","date_gmt":"2023-02-28T18:53:15","guid":{"rendered":"https:\/\/encuentroinformativo.com.mx\/?p=37379"},"modified":"2023-02-28T12:53:20","modified_gmt":"2023-02-28T18:53:20","slug":"celebran-taxistas-que-gobierno-impida-entrada-de-uber-a-veracruz","status":"publish","type":"post","link":"https:\/\/encuentroinformativo.com.mx\/?p=37379","title":{"rendered":"Celebran taxistas que Gobierno impida entrada de Uber a Veracruz"},"content":{"rendered":"\n<p><strong>Dar\u00edo Pale<\/strong> <\/p>\n\n\n\n<p>Xalapa, Ver.- Pide gremio taxista mejorar reglamentos para evitar que se cometan delitos y tambi\u00e9n agradecieron al gobernador la medida para evitar el ingreso de Uber, as\u00ed lo se\u00f1al\u00f3 Evelia S\u00e1nchez Morales, dirigente del Sindicato Independiente de Trabajadores Taxistas y Anexos del Estado de Veracruz (SITAEV).<\/p>\n\n\n\n<p>En conferencia de prensa se\u00f1al\u00f3 que ante el uso de taxis para cometer diversos delitos como secuestros, las autoridades deber\u00edan implementar una reglamentaci\u00f3n para evitar dicha situaci\u00f3n.<\/p>\n\n\n\n<p>&#8220;Estar\u00eda bien que el gobierno checara esa situaci\u00f3n, nos reglamentaran, llega un chofer a pedir trabajo, qui\u00e9n es, d\u00f3nde vive y el tiempo que tiene laborando&#8221;, se\u00f1al\u00f3.<\/p>\n\n\n\n<p>En ese sentido, dijo que en sexenios pasados las autoridades dieron concesiones a diestra y siniestra.\u00a0<\/p>\n\n\n\n<p>&#8220;Gente que no sabe nada de este gremio, de este trabajo, y con tal de recibir una cuenta, un dinero diario, se le da la concesi\u00f3n, no saben ni investigan a qui\u00e9n se lo est\u00e1n dando&#8221;, coment\u00f3.<\/p>\n\n\n\n<p>En ese contexto, tambi\u00e9n agradeci\u00f3 al gobernador Cuitl\u00e1huac Garc\u00eda Jim\u00e9nez el respaldo de la administraci\u00f3n ante la prohibici\u00f3n de la entrada de la plataforma Uber.<\/p>\n\n\n\n<p>&#8220;Por las plataformas de Uber que no ha permitido ni va a permitir, de que no va a entrar al estado&#8221;, acus\u00f3.<\/p>\n\n\n\n<p>En ese sentido, acot\u00f3 que le agradecen porque el sector taxista ha sido afectado y casi no hay trabajo, por lo que traen un rezago econ\u00f3mico.<\/p>\n\n\n\n<p>&#8220;Tenemos mucha confianza en el gobernador que va a seguir apoyando a este sector tan vulnerable&#8221;, dijo en la conferencia de prensa.<\/p>\n\n\n\n<p>Finalmente dijo que continuar\u00e1n luchando porque no entren estas plataformas, particularmente a Xalapa, ya que afectan su econom\u00eda.<\/p>\n","protected":false},"excerpt":{"rendered":"<p>Dar\u00edo Pale Xalapa, Ver.- Pide gremio taxista mejorar reglamentos para evitar que se cometan delitos y tambi\u00e9n agradecieron al gobernador la medida para evitar el ingreso de Uber, as\u00ed lo se\u00f1al\u00f3 Evelia S\u00e1nchez Morales, dirigente del Sindicato Independiente de Trabajadores Taxistas y Anexos del Estado de Veracruz (SITAEV). En conferencia de prensa se\u00f1al\u00f3 que ante [&hellip;]<\/p>\n","protected":false},"author":2476,"featured_media":37380,"comment_status":"open","ping_status":"open","sticky":false,"template":"","format":"standard","meta":{"_jetpack_memberships_contains_paid_content":false,"footnotes":""},"categories":[3],"tags":[],"class_list":["post-37379","post","type-post","status-publish","format-standard","has-post-thumbnail","hentry","category-xalapa"],"jetpack_featured_media_url":"https:\/\/encuentroinformativo.com.mx\/wp-content\/uploads\/2023\/02\/IMG-20230228-WA0071.jpg","jetpack_sharing_enabled":true,"jetpack_likes_enabled":true,"amp_enabled":true,"_links":{"self":[{"href":"https:\/\/encuentroinformativo.com.mx\/index.php?rest_route=\/wp\/v2\/posts\/37379","targetHints":{"allow":["GET"]}}],"collection":[{"href":"https:\/\/encuentroinformativo.com.mx\/index.php?rest_route=\/wp\/v2\/posts"}],"about":[{"href":"https:\/\/encuentroinformativo.com.mx\/index.php?rest_route=\/wp\/v2\/types\/post"}],"author":[{"embeddable":true,"href":"https:\/\/encuentroinformativo.com.mx\/index.php?rest_route=\/wp\/v2\/users\/2476"}],"replies":[{"embeddable":true,"href":"https:\/\/encuentroinformativo.com.mx\/index.php?rest_route=%2Fwp%2Fv2%2Fcomments&post=37379"}],"version-history":[{"count":1,"href":"https:\/\/encuentroinformativo.com.mx\/index.php?rest_route=\/wp\/v2\/posts\/37379\/revisions"}],"predecessor-version":[{"id":37381,"href":"https:\/\/encuentroinformativo.com.mx\/index.php?rest_route=\/wp\/v2\/posts\/37379\/revisions\/37381"}],"wp:featuredmedia":[{"embeddable":true,"href":"https:\/\/encuentroinformativo.com.mx\/index.php?rest_route=\/wp\/v2\/media\/37380"}],"wp:attachment":[{"href":"https:\/\/encuentroinformativo.com.mx\/index.php?rest_route=%2Fwp%2Fv2%2Fmedia&parent=37379"}],"wp:term":[{"taxonomy":"category","embeddable":true,"href":"https:\/\/encuentroinformativo.com.mx\/index.php?rest_route=%2Fwp%2Fv2%2Fcategories&post=37379"},{"taxonomy":"post_tag","embeddable":true,"href":"https:\/\/encuentroinformativo.com.mx\/index.php?rest_route=%2Fwp%2Fv2%2Ftags&post=37379"}],"curies":[{"name":"wp","href":"https:\/\/api.w.org\/{rel}","templated":true}]}}