{"id":3738,"date":"2020-06-30T14:55:34","date_gmt":"2020-06-30T19:55:34","guid":{"rendered":"https:\/\/encuentroinformativo.com\/?p=3738"},"modified":"2020-06-30T14:55:36","modified_gmt":"2020-06-30T19:55:36","slug":"deportistas-reclaman-reapertura-de-parque-macuiltepetl","status":"publish","type":"post","link":"https:\/\/encuentroinformativo.com.mx\/?p=3738","title":{"rendered":"Deportistas reclaman reapertura de parque Macuilt\u00e9petl"},"content":{"rendered":"\n<p><strong>Juan Arcos <\/strong><\/p>\n\n\n\n<p>Xalapa, Ver.- Un grupo de corredores protest\u00f3 para exigir la reapertura del Parque Ecol\u00f3gico Macuilt\u00e9petl, ubicado en la colonia Progreso de esta ciudad.<\/p>\n\n\n\n<p>De acuerdo con el director del Patronato para el Parque Ecol\u00f3gico Macuilt\u00e9petl, Sergio Humberto Aguilar Rodr\u00edguez, desde el principio de la pandemia del COVID-19, en marzo pasado, se plante\u00f3 que este lugar recreativo no cerrara sus puertas.<\/p>\n\n\n\n<p>El entrevistado consider\u00f3 que en dicho lugar no hay un riesgo elevado de contagio.\u00a0<br>En ese sentido, detall\u00f3 que conforme al registro de entradas en 2020, previo a la contingencia sanitaria, entraban 400 personas al d\u00eda.<\/p>\n\n\n\n<p>Lo anterior, representaba que en d\u00edas de aforo normal acud\u00edan no m\u00e1s de 10 personas por hect\u00e1rea. En d\u00edas de aforo bajo s\u00f3lo cinco personas por hect\u00e1rea y en aforo alto hasta 20 personas por hect\u00e1rea.<\/p>\n\n\n\n<p>\u201cEsas cifras muestran que hay mucho m\u00e1s que sana distancia dentro del parque\u201d, expres\u00f3.<\/p>\n\n\n\n<p>Aguilar Rodr\u00edguez propuso que todos los parques de la ciudad reabran sus puertas, debido a que el sem\u00e1foro por la pandemia del COVID-19 pas\u00f3 de rojo a naranja en la entidad.<\/p>\n\n\n\n<p>Cabe destacar que la Secretar\u00eda de Salud de Veracruz, report\u00f3 que Xalapa es uno de los 79 municipios que a\u00fan se encuentran en riesgo m\u00e1ximo de contagios.<\/p>\n\n\n\n<p><\/p>\n","protected":false},"excerpt":{"rendered":"<p>Juan Arcos Xalapa, Ver.- Un grupo de corredores protest\u00f3 para exigir la reapertura del Parque Ecol\u00f3gico Macuilt\u00e9petl, ubicado en la colonia Progreso de esta ciudad. De acuerdo con el director del Patronato para el Parque Ecol\u00f3gico Macuilt\u00e9petl, Sergio Humberto Aguilar Rodr\u00edguez, desde el principio de la pandemia del COVID-19, en marzo pasado, se plante\u00f3 que [&hellip;]<\/p>\n","protected":false},"author":1,"featured_media":3739,"comment_status":"open","ping_status":"open","sticky":false,"template":"","format":"standard","meta":{"_jetpack_memberships_contains_paid_content":false,"footnotes":""},"categories":[3],"tags":[],"class_list":["post-3738","post","type-post","status-publish","format-standard","has-post-thumbnail","hentry","category-xalapa"],"jetpack_featured_media_url":"https:\/\/encuentroinformativo.com.mx\/wp-content\/uploads\/2020\/06\/74736CD4-E861-4A02-8334-BE0E5C2E3F48.jpeg","jetpack_sharing_enabled":true,"jetpack_likes_enabled":true,"amp_enabled":true,"_links":{"self":[{"href":"https:\/\/encuentroinformativo.com.mx\/index.php?rest_route=\/wp\/v2\/posts\/3738","targetHints":{"allow":["GET"]}}],"collection":[{"href":"https:\/\/encuentroinformativo.com.mx\/index.php?rest_route=\/wp\/v2\/posts"}],"about":[{"href":"https:\/\/encuentroinformativo.com.mx\/index.php?rest_route=\/wp\/v2\/types\/post"}],"author":[{"embeddable":true,"href":"https:\/\/encuentroinformativo.com.mx\/index.php?rest_route=\/wp\/v2\/users\/1"}],"replies":[{"embeddable":true,"href":"https:\/\/encuentroinformativo.com.mx\/index.php?rest_route=%2Fwp%2Fv2%2Fcomments&post=3738"}],"version-history":[{"count":1,"href":"https:\/\/encuentroinformativo.com.mx\/index.php?rest_route=\/wp\/v2\/posts\/3738\/revisions"}],"predecessor-version":[{"id":3740,"href":"https:\/\/encuentroinformativo.com.mx\/index.php?rest_route=\/wp\/v2\/posts\/3738\/revisions\/3740"}],"wp:featuredmedia":[{"embeddable":true,"href":"https:\/\/encuentroinformativo.com.mx\/index.php?rest_route=\/wp\/v2\/media\/3739"}],"wp:attachment":[{"href":"https:\/\/encuentroinformativo.com.mx\/index.php?rest_route=%2Fwp%2Fv2%2Fmedia&parent=3738"}],"wp:term":[{"taxonomy":"category","embeddable":true,"href":"https:\/\/encuentroinformativo.com.mx\/index.php?rest_route=%2Fwp%2Fv2%2Fcategories&post=3738"},{"taxonomy":"post_tag","embeddable":true,"href":"https:\/\/encuentroinformativo.com.mx\/index.php?rest_route=%2Fwp%2Fv2%2Ftags&post=3738"}],"curies":[{"name":"wp","href":"https:\/\/api.w.org\/{rel}","templated":true}]}}