{"id":37385,"date":"2023-02-28T14:05:41","date_gmt":"2023-02-28T20:05:41","guid":{"rendered":"https:\/\/encuentroinformativo.com.mx\/?p=37385"},"modified":"2023-02-28T14:05:44","modified_gmt":"2023-02-28T20:05:44","slug":"presunto-movil-pasional-tras-homicidio-de-docente-de-orizaba-gobernador","status":"publish","type":"post","link":"https:\/\/encuentroinformativo.com.mx\/?p=37385","title":{"rendered":"Presunto m\u00f3vil pasional, tras homicidio de docente de Orizaba: Gobernador"},"content":{"rendered":"\n<p><strong>Juan Arcos <\/strong><\/p>\n\n\n\n<p>Xalapa, Ver.- La l\u00ednea de investigaci\u00f3n por el asesinato de una profesora en el municipio de Orizaba apunta a un m\u00f3vil pasional, revel\u00f3 el gobernador de Veracruz, Cuitl\u00e1huac Garc\u00eda Jim\u00e9nez.<\/p>\n\n\n\n<p>El mandatario estatal inform\u00f3 en sus redes sociales que se tiene identificada a la presunta responsable y garantiz\u00f3 que habr\u00e1 justicia en este caso.<\/p>\n\n\n\n<p>Adem\u00e1s, se\u00f1al\u00f3 que los indicios recabados permitir\u00e1n dar con la responsable material e intelectual, teni\u00e9ndose como detenido a un presunto c\u00f3mplice que la podr\u00eda haber auxiliado en su huida.<\/p>\n\n\n\n<p>La profesora Ver\u00f3nica Fern\u00e1ndez Trujillo fue asesinada a balazos ayer lunes 27 de febrero afuera del Centro de Atenci\u00f3n M\u00faltiple (CAM) n\u00famero 15, donde impart\u00eda sus clases.<\/p>\n\n\n\n<p>Los reportes policiales revelaron que este ataque armado ocurri\u00f3 sobre la calle Emiliano Zapata, a un costado del auditorio Guti\u00e9rrez Zamora de la colonia Benito Ju\u00e1rez, en dicho Pueblo M\u00e1gico ubicado en la regi\u00f3n central de Veracruz.<\/p>\n\n\n\n<p>Se presume que ella hab\u00eda abordado su veh\u00edculo, cuando otra mujer que vest\u00eda ropa deportiva la intercept\u00f3 y le dispar\u00f3 varias veces.<\/p>\n\n\n\n<p>La presunta homicida se dio a la fuga sin ser identificada; sin embargo, en redes sociales, circula un video donde se observa a la presunta agresora cuando est\u00e1 huyendo.<\/p>\n\n\n\n<p>Tras estos hechos se despleg\u00f3 un fuerte operativo en la zona para la b\u00fasqueda y localizaci\u00f3n de la presunta responsable de este crimen, pero hasta el momento no ha sido detenida.<\/p>\n\n\n\n<p>El titular de la Secretar\u00eda de Educaci\u00f3n de Veracruz, Zenyazen Escobar Garc\u00eda, pidi\u00f3 a la Fiscal\u00eda General del Estado (FGE) que se investigue y se esclarezca este asesinato.<\/p>\n","protected":false},"excerpt":{"rendered":"<p>Juan Arcos Xalapa, Ver.- La l\u00ednea de investigaci\u00f3n por el asesinato de una profesora en el municipio de Orizaba apunta a un m\u00f3vil pasional, revel\u00f3 el gobernador de Veracruz, Cuitl\u00e1huac Garc\u00eda Jim\u00e9nez. El mandatario estatal inform\u00f3 en sus redes sociales que se tiene identificada a la presunta responsable y garantiz\u00f3 que habr\u00e1 justicia en este [&hellip;]<\/p>\n","protected":false},"author":2476,"featured_media":37386,"comment_status":"open","ping_status":"open","sticky":false,"template":"","format":"standard","meta":{"_jetpack_memberships_contains_paid_content":false,"footnotes":""},"categories":[2],"tags":[],"class_list":["post-37385","post","type-post","status-publish","format-standard","has-post-thumbnail","hentry","category-estado"],"jetpack_featured_media_url":"https:\/\/encuentroinformativo.com.mx\/wp-content\/uploads\/2023\/02\/IMG_4671.jpg","jetpack_sharing_enabled":true,"jetpack_likes_enabled":true,"amp_enabled":true,"_links":{"self":[{"href":"https:\/\/encuentroinformativo.com.mx\/index.php?rest_route=\/wp\/v2\/posts\/37385","targetHints":{"allow":["GET"]}}],"collection":[{"href":"https:\/\/encuentroinformativo.com.mx\/index.php?rest_route=\/wp\/v2\/posts"}],"about":[{"href":"https:\/\/encuentroinformativo.com.mx\/index.php?rest_route=\/wp\/v2\/types\/post"}],"author":[{"embeddable":true,"href":"https:\/\/encuentroinformativo.com.mx\/index.php?rest_route=\/wp\/v2\/users\/2476"}],"replies":[{"embeddable":true,"href":"https:\/\/encuentroinformativo.com.mx\/index.php?rest_route=%2Fwp%2Fv2%2Fcomments&post=37385"}],"version-history":[{"count":1,"href":"https:\/\/encuentroinformativo.com.mx\/index.php?rest_route=\/wp\/v2\/posts\/37385\/revisions"}],"predecessor-version":[{"id":37387,"href":"https:\/\/encuentroinformativo.com.mx\/index.php?rest_route=\/wp\/v2\/posts\/37385\/revisions\/37387"}],"wp:featuredmedia":[{"embeddable":true,"href":"https:\/\/encuentroinformativo.com.mx\/index.php?rest_route=\/wp\/v2\/media\/37386"}],"wp:attachment":[{"href":"https:\/\/encuentroinformativo.com.mx\/index.php?rest_route=%2Fwp%2Fv2%2Fmedia&parent=37385"}],"wp:term":[{"taxonomy":"category","embeddable":true,"href":"https:\/\/encuentroinformativo.com.mx\/index.php?rest_route=%2Fwp%2Fv2%2Fcategories&post=37385"},{"taxonomy":"post_tag","embeddable":true,"href":"https:\/\/encuentroinformativo.com.mx\/index.php?rest_route=%2Fwp%2Fv2%2Ftags&post=37385"}],"curies":[{"name":"wp","href":"https:\/\/api.w.org\/{rel}","templated":true}]}}