{"id":37391,"date":"2023-02-28T14:28:30","date_gmt":"2023-02-28T20:28:30","guid":{"rendered":"https:\/\/encuentroinformativo.com.mx\/?p=37391"},"modified":"2023-02-28T14:28:33","modified_gmt":"2023-02-28T20:28:33","slug":"ediles-de-sayula-de-aleman-denuncian-falsa-sesion-de-cabildo","status":"publish","type":"post","link":"https:\/\/encuentroinformativo.com.mx\/?p=37391","title":{"rendered":"Ediles de Sayula de Alem\u00e1n denuncian falsa sesi\u00f3n de Cabildo"},"content":{"rendered":"\n<p><strong>Alejandro \u00c1vila<\/strong><\/p>\n\n\n\n<p>Sayula de Alem\u00e1n, Ver.- Ediles del municipio de Sayula de Alem\u00e1n denunciaron una falsa sesi\u00f3n de Cabildo donde presuntamente habr\u00edan aprobado los estados financieros del mes de enero del 2023.<\/p>\n\n\n\n<p>Los quejosos se\u00f1alan que existe un documento del pasado 15 de febrero de una presunta sesi\u00f3n de Cabildo, a la cual nunca fueron convocados y por lo cual consideran ap\u00f3crifa.<\/p>\n\n\n\n<p>En el presunto documento los regidores aprueban por unanimidad el informe de obra p\u00fablica de enero del 2023, datos que no conocen a detalle, por lo cual sospechan sean obras &#8220;infladas&#8221;.<\/p>\n\n\n\n<p>Los funcionarios municipales agregaron que, los presuntos c\u00f3mplices de la alcaldesa de Sayula de Alem\u00e1n, Lorena S\u00e1nchez, son el director de Obra P\u00fablica, Juan Diego Salom\u00f3n Dom\u00ednguez, y el Contralor, Jos\u00e9 Manuel L\u00f3pez Pav\u00f3n.<\/p>\n\n\n\n<p>Finalmente, acotaron que no est\u00e1n en contra de aprobar en las sesiones de Cabildo propuestas o movimientos que haga la alcaldesa Lorena S\u00e1nchez, siempre y cuando estas est\u00e9n apegadas a la ley y\/o beneficien a los ciudadanos de Sayula de Alem\u00e1n.<\/p>\n","protected":false},"excerpt":{"rendered":"<p>Alejandro \u00c1vila Sayula de Alem\u00e1n, Ver.- Ediles del municipio de Sayula de Alem\u00e1n denunciaron una falsa sesi\u00f3n de Cabildo donde presuntamente habr\u00edan aprobado los estados financieros del mes de enero del 2023. Los quejosos se\u00f1alan que existe un documento del pasado 15 de febrero de una presunta sesi\u00f3n de Cabildo, a la cual nunca fueron [&hellip;]<\/p>\n","protected":false},"author":2476,"featured_media":37392,"comment_status":"open","ping_status":"open","sticky":false,"template":"","format":"standard","meta":{"_jetpack_memberships_contains_paid_content":false,"footnotes":""},"categories":[2],"tags":[],"class_list":["post-37391","post","type-post","status-publish","format-standard","has-post-thumbnail","hentry","category-estado"],"jetpack_featured_media_url":"https:\/\/encuentroinformativo.com.mx\/wp-content\/uploads\/2023\/02\/IMG-20230228-WA0129.jpg","jetpack_sharing_enabled":true,"jetpack_likes_enabled":true,"amp_enabled":true,"_links":{"self":[{"href":"https:\/\/encuentroinformativo.com.mx\/index.php?rest_route=\/wp\/v2\/posts\/37391","targetHints":{"allow":["GET"]}}],"collection":[{"href":"https:\/\/encuentroinformativo.com.mx\/index.php?rest_route=\/wp\/v2\/posts"}],"about":[{"href":"https:\/\/encuentroinformativo.com.mx\/index.php?rest_route=\/wp\/v2\/types\/post"}],"author":[{"embeddable":true,"href":"https:\/\/encuentroinformativo.com.mx\/index.php?rest_route=\/wp\/v2\/users\/2476"}],"replies":[{"embeddable":true,"href":"https:\/\/encuentroinformativo.com.mx\/index.php?rest_route=%2Fwp%2Fv2%2Fcomments&post=37391"}],"version-history":[{"count":1,"href":"https:\/\/encuentroinformativo.com.mx\/index.php?rest_route=\/wp\/v2\/posts\/37391\/revisions"}],"predecessor-version":[{"id":37393,"href":"https:\/\/encuentroinformativo.com.mx\/index.php?rest_route=\/wp\/v2\/posts\/37391\/revisions\/37393"}],"wp:featuredmedia":[{"embeddable":true,"href":"https:\/\/encuentroinformativo.com.mx\/index.php?rest_route=\/wp\/v2\/media\/37392"}],"wp:attachment":[{"href":"https:\/\/encuentroinformativo.com.mx\/index.php?rest_route=%2Fwp%2Fv2%2Fmedia&parent=37391"}],"wp:term":[{"taxonomy":"category","embeddable":true,"href":"https:\/\/encuentroinformativo.com.mx\/index.php?rest_route=%2Fwp%2Fv2%2Fcategories&post=37391"},{"taxonomy":"post_tag","embeddable":true,"href":"https:\/\/encuentroinformativo.com.mx\/index.php?rest_route=%2Fwp%2Fv2%2Ftags&post=37391"}],"curies":[{"name":"wp","href":"https:\/\/api.w.org\/{rel}","templated":true}]}}