{"id":37394,"date":"2023-02-28T14:35:19","date_gmt":"2023-02-28T20:35:19","guid":{"rendered":"https:\/\/encuentroinformativo.com.mx\/?p=37394"},"modified":"2023-02-28T14:35:23","modified_gmt":"2023-02-28T20:35:23","slug":"fandango-por-la-lectura-en-veracruz","status":"publish","type":"post","link":"https:\/\/encuentroinformativo.com.mx\/?p=37394","title":{"rendered":"Fandango por la Lectura en Veracruz"},"content":{"rendered":"\n<p>Veracruz, Ver.- La primera dama, Beatriz Guti\u00e9rrez M\u00fcller junto el gobernador Cuitl\u00e1huac Garc\u00eda Jim\u00e9nez encabez\u00f3 el evento &#8220;Fandango por la Lectura Veracruz&#8221;, teniendo como escenario la fortaleza San Juan de Ulua.<\/p>\n\n\n\n<p>Durante el evento leyeron diversos poemas as\u00ed como la presentaci\u00f3n esc\u00e9nica de Yanga y la presentaci\u00f3n del grupo de son jarocho ganador del Grammy 2023, Conga Patria.<\/p>\n\n\n\n<figure class=\"wp-block-image size-large\"><img loading=\"lazy\" decoding=\"async\" width=\"1024\" height=\"685\" src=\"https:\/\/encuentroinformativo.com.mx\/wp-content\/uploads\/2023\/02\/Photo_1677616306036-1024x685.jpg\" alt=\"\" class=\"wp-image-37396\" srcset=\"https:\/\/encuentroinformativo.com.mx\/wp-content\/uploads\/2023\/02\/Photo_1677616306036-1024x685.jpg 1024w, https:\/\/encuentroinformativo.com.mx\/wp-content\/uploads\/2023\/02\/Photo_1677616306036-300x201.jpg 300w, https:\/\/encuentroinformativo.com.mx\/wp-content\/uploads\/2023\/02\/Photo_1677616306036-768x513.jpg 768w, https:\/\/encuentroinformativo.com.mx\/wp-content\/uploads\/2023\/02\/Photo_1677616306036-1536x1027.jpg 1536w, https:\/\/encuentroinformativo.com.mx\/wp-content\/uploads\/2023\/02\/Photo_1677616306036-2048x1369.jpg 2048w\" sizes=\"auto, (max-width: 1024px) 100vw, 1024px\" \/><\/figure>\n","protected":false},"excerpt":{"rendered":"<p>Veracruz, Ver.- La primera dama, Beatriz Guti\u00e9rrez M\u00fcller junto el gobernador Cuitl\u00e1huac Garc\u00eda Jim\u00e9nez encabez\u00f3 el evento &#8220;Fandango por la Lectura Veracruz&#8221;, teniendo como escenario la fortaleza San Juan de Ulua. Durante el evento leyeron diversos poemas as\u00ed como la presentaci\u00f3n esc\u00e9nica de Yanga y la presentaci\u00f3n del grupo de son jarocho ganador del Grammy [&hellip;]<\/p>\n","protected":false},"author":2476,"featured_media":37395,"comment_status":"open","ping_status":"open","sticky":false,"template":"","format":"standard","meta":{"_jetpack_memberships_contains_paid_content":false,"footnotes":""},"categories":[2],"tags":[],"class_list":["post-37394","post","type-post","status-publish","format-standard","has-post-thumbnail","hentry","category-estado"],"jetpack_featured_media_url":"https:\/\/encuentroinformativo.com.mx\/wp-content\/uploads\/2023\/02\/Photo_1677616369465-scaled.jpg","jetpack_sharing_enabled":true,"jetpack_likes_enabled":true,"amp_enabled":true,"_links":{"self":[{"href":"https:\/\/encuentroinformativo.com.mx\/index.php?rest_route=\/wp\/v2\/posts\/37394","targetHints":{"allow":["GET"]}}],"collection":[{"href":"https:\/\/encuentroinformativo.com.mx\/index.php?rest_route=\/wp\/v2\/posts"}],"about":[{"href":"https:\/\/encuentroinformativo.com.mx\/index.php?rest_route=\/wp\/v2\/types\/post"}],"author":[{"embeddable":true,"href":"https:\/\/encuentroinformativo.com.mx\/index.php?rest_route=\/wp\/v2\/users\/2476"}],"replies":[{"embeddable":true,"href":"https:\/\/encuentroinformativo.com.mx\/index.php?rest_route=%2Fwp%2Fv2%2Fcomments&post=37394"}],"version-history":[{"count":1,"href":"https:\/\/encuentroinformativo.com.mx\/index.php?rest_route=\/wp\/v2\/posts\/37394\/revisions"}],"predecessor-version":[{"id":37397,"href":"https:\/\/encuentroinformativo.com.mx\/index.php?rest_route=\/wp\/v2\/posts\/37394\/revisions\/37397"}],"wp:featuredmedia":[{"embeddable":true,"href":"https:\/\/encuentroinformativo.com.mx\/index.php?rest_route=\/wp\/v2\/media\/37395"}],"wp:attachment":[{"href":"https:\/\/encuentroinformativo.com.mx\/index.php?rest_route=%2Fwp%2Fv2%2Fmedia&parent=37394"}],"wp:term":[{"taxonomy":"category","embeddable":true,"href":"https:\/\/encuentroinformativo.com.mx\/index.php?rest_route=%2Fwp%2Fv2%2Fcategories&post=37394"},{"taxonomy":"post_tag","embeddable":true,"href":"https:\/\/encuentroinformativo.com.mx\/index.php?rest_route=%2Fwp%2Fv2%2Ftags&post=37394"}],"curies":[{"name":"wp","href":"https:\/\/api.w.org\/{rel}","templated":true}]}}