{"id":37398,"date":"2023-02-28T14:41:39","date_gmt":"2023-02-28T20:41:39","guid":{"rendered":"https:\/\/encuentroinformativo.com.mx\/?p=37398"},"modified":"2023-02-28T14:41:42","modified_gmt":"2023-02-28T20:41:42","slug":"coatepec-realizara-el-festival-orquidea-mas-grande-de-mexico","status":"publish","type":"post","link":"https:\/\/encuentroinformativo.com.mx\/?p=37398","title":{"rendered":"Coatepec realizar\u00e1 el Festival Orqu\u00eddea m\u00e1s grande de M\u00e9xico"},"content":{"rendered":"\n<p><strong>Alejandro \u00c1vila<\/strong><\/p>\n\n\n\n<p>Coatepec, Ver.- El municipio de Coatepec se ha convertido en la capital de la orqu\u00eddea en M\u00e9xico, y como cada a\u00f1o realiza un Festival que es considerado el m\u00e1s grande e importante de toda la Rep\u00fablica.<\/p>\n\n\n\n<p>Adem\u00e1s del caf\u00e9, el cultivo de orqu\u00eddeas es una caracter\u00edstica importante del que fue nombrado primer Pueblo M\u00e1gico en Veracruz.<\/p>\n\n\n\n<p>El municipio de Coatepec cuenta con el segundo Orquidario de M\u00e9xico, mismo que se ha convertido en un ejemplo Nacional de conservaci\u00f3n; adem\u00e1s tiene un Museo de la Orqu\u00eddea, d\u00f3nde se expone una colecci\u00f3n de m\u00e1s de 5 mil ejemplares, que lo hacen un referente en toda Latinoam\u00e9rica.<\/p>\n\n\n\n<p>El Festival Internacional de la Orqu\u00eddea, reunir\u00e1 a productores, comercializadores y expertos de todo el pa\u00eds, principalmente de los Estados de Chiapas, Jalisco, Aguascalientes, Tamaulipas, Colima, Puebla, Morelos, Estado de M\u00e9xico, Ciudad de M\u00e9xico, Michoac\u00e1n y Veracruz.<\/p>\n\n\n\n<p>El evento se realizar\u00e1 del 31 de marzo al 09 de abril en las instalaciones del Museo de la Orqu\u00eddea ubicadas en la calle Jim\u00e9nez del Campillo n\u00famero 15 de la ciudad de Coatepec en horario de 10:00 a 19:00 horas.&nbsp;<\/p>\n\n\n\n<p>El fundador y director del Festival Internacional de la Orqu\u00eddea, Oscar Espino, aclar\u00f3 que tienen como objetivo promover y difundir el conocimiento de las orqu\u00eddeas, su cultivo y conservaci\u00f3n, ya que M\u00e9xico cuenta con cerca de mil 200 especies de orqu\u00eddeas, de las 25 mil especies que existen en el mundo.&nbsp;<\/p>\n\n\n\n<p>El Festival Internacional de la Orqu\u00eddea se realizar\u00e1 en la \u00e9poca de Semana Santa, por lo que Coatepec y la regi\u00f3n se encuentran listos para recibir a visitantes, con una amplia gama de hoteles, gastronom\u00eda y atractivos tours como la Ruta de la Orqu\u00eddea o el Sendero del Caf\u00e9.<\/p>\n","protected":false},"excerpt":{"rendered":"<p>Alejandro \u00c1vila Coatepec, Ver.- El municipio de Coatepec se ha convertido en la capital de la orqu\u00eddea en M\u00e9xico, y como cada a\u00f1o realiza un Festival que es considerado el m\u00e1s grande e importante de toda la Rep\u00fablica. Adem\u00e1s del caf\u00e9, el cultivo de orqu\u00eddeas es una caracter\u00edstica importante del que fue nombrado primer Pueblo [&hellip;]<\/p>\n","protected":false},"author":2476,"featured_media":37399,"comment_status":"open","ping_status":"open","sticky":false,"template":"","format":"standard","meta":{"_jetpack_memberships_contains_paid_content":false,"footnotes":""},"categories":[8],"tags":[],"class_list":["post-37398","post","type-post","status-publish","format-standard","has-post-thumbnail","hentry","category-region"],"jetpack_featured_media_url":"https:\/\/encuentroinformativo.com.mx\/wp-content\/uploads\/2023\/02\/IMG-20230228-WA0140.jpg","jetpack_sharing_enabled":true,"jetpack_likes_enabled":true,"amp_enabled":true,"_links":{"self":[{"href":"https:\/\/encuentroinformativo.com.mx\/index.php?rest_route=\/wp\/v2\/posts\/37398","targetHints":{"allow":["GET"]}}],"collection":[{"href":"https:\/\/encuentroinformativo.com.mx\/index.php?rest_route=\/wp\/v2\/posts"}],"about":[{"href":"https:\/\/encuentroinformativo.com.mx\/index.php?rest_route=\/wp\/v2\/types\/post"}],"author":[{"embeddable":true,"href":"https:\/\/encuentroinformativo.com.mx\/index.php?rest_route=\/wp\/v2\/users\/2476"}],"replies":[{"embeddable":true,"href":"https:\/\/encuentroinformativo.com.mx\/index.php?rest_route=%2Fwp%2Fv2%2Fcomments&post=37398"}],"version-history":[{"count":1,"href":"https:\/\/encuentroinformativo.com.mx\/index.php?rest_route=\/wp\/v2\/posts\/37398\/revisions"}],"predecessor-version":[{"id":37400,"href":"https:\/\/encuentroinformativo.com.mx\/index.php?rest_route=\/wp\/v2\/posts\/37398\/revisions\/37400"}],"wp:featuredmedia":[{"embeddable":true,"href":"https:\/\/encuentroinformativo.com.mx\/index.php?rest_route=\/wp\/v2\/media\/37399"}],"wp:attachment":[{"href":"https:\/\/encuentroinformativo.com.mx\/index.php?rest_route=%2Fwp%2Fv2%2Fmedia&parent=37398"}],"wp:term":[{"taxonomy":"category","embeddable":true,"href":"https:\/\/encuentroinformativo.com.mx\/index.php?rest_route=%2Fwp%2Fv2%2Fcategories&post=37398"},{"taxonomy":"post_tag","embeddable":true,"href":"https:\/\/encuentroinformativo.com.mx\/index.php?rest_route=%2Fwp%2Fv2%2Ftags&post=37398"}],"curies":[{"name":"wp","href":"https:\/\/api.w.org\/{rel}","templated":true}]}}