{"id":37409,"date":"2023-03-01T10:03:38","date_gmt":"2023-03-01T16:03:38","guid":{"rendered":"https:\/\/encuentroinformativo.com.mx\/?p=37409"},"modified":"2023-03-01T10:03:41","modified_gmt":"2023-03-01T16:03:41","slug":"se-registro-explosion-en-panaderia-del-centro-de-xalapa","status":"publish","type":"post","link":"https:\/\/encuentroinformativo.com.mx\/?p=37409","title":{"rendered":"Se registr\u00f3 explosi\u00f3n en panader\u00eda del centro de Xalapa"},"content":{"rendered":"\n<p><strong>Israel Garc\u00eda<\/strong><\/p>\n\n\n\n<p>Xalapa, Ver.- Un lesionado con quemaduras leves es el saldo que dej\u00f3 la explosi\u00f3n que se registr\u00f3 la ma\u00f1ana de este mi\u00e9rcoles en la panader\u00eda Dauz\u00f3n de la calle de Lucio en el centro de la ciudad.<\/p>\n\n\n\n<p>De acuerdo a los primeros reportes de las autoridades una fuga de gas habr\u00eda sido el motivo del siniestro d\u00f3nde por fortuna no hay v\u00edctimas que lamentar.<\/p>\n\n\n\n<p>La explosi\u00f3n tron\u00f3 los cristales del tercer piso del comercio.<\/p>\n\n\n\n<p>Autoridades de Protecci\u00f3n Civil municipal, Transito del Estado y Seguridad P\u00fablica acudieron al punto de la calle de Lucio y Altamirano para atender el percance y la vialidad en la zona.<\/p>\n\n\n\n<figure class=\"wp-block-image size-large\"><img loading=\"lazy\" decoding=\"async\" width=\"768\" height=\"1024\" src=\"https:\/\/encuentroinformativo.com.mx\/wp-content\/uploads\/2023\/03\/Photo_1677686254501-768x1024.jpg\" alt=\"\" class=\"wp-image-37411\" srcset=\"https:\/\/encuentroinformativo.com.mx\/wp-content\/uploads\/2023\/03\/Photo_1677686254501-768x1024.jpg 768w, https:\/\/encuentroinformativo.com.mx\/wp-content\/uploads\/2023\/03\/Photo_1677686254501-225x300.jpg 225w, https:\/\/encuentroinformativo.com.mx\/wp-content\/uploads\/2023\/03\/Photo_1677686254501.jpg 780w\" sizes=\"auto, (max-width: 768px) 100vw, 768px\" \/><\/figure>\n\n\n\n\n\n<figure class=\"wp-block-image size-large\"><img loading=\"lazy\" decoding=\"async\" width=\"1024\" height=\"768\" src=\"https:\/\/encuentroinformativo.com.mx\/wp-content\/uploads\/2023\/03\/Photo_1677686192296-1024x768.jpg\" alt=\"\" class=\"wp-image-37412\" srcset=\"https:\/\/encuentroinformativo.com.mx\/wp-content\/uploads\/2023\/03\/Photo_1677686192296-1024x768.jpg 1024w, https:\/\/encuentroinformativo.com.mx\/wp-content\/uploads\/2023\/03\/Photo_1677686192296-300x225.jpg 300w, https:\/\/encuentroinformativo.com.mx\/wp-content\/uploads\/2023\/03\/Photo_1677686192296-768x576.jpg 768w, https:\/\/encuentroinformativo.com.mx\/wp-content\/uploads\/2023\/03\/Photo_1677686192296.jpg 1040w\" sizes=\"auto, (max-width: 1024px) 100vw, 1024px\" \/><\/figure>\n","protected":false},"excerpt":{"rendered":"<p>Israel Garc\u00eda Xalapa, Ver.- Un lesionado con quemaduras leves es el saldo que dej\u00f3 la explosi\u00f3n que se registr\u00f3 la ma\u00f1ana de este mi\u00e9rcoles en la panader\u00eda Dauz\u00f3n de la calle de Lucio en el centro de la ciudad. De acuerdo a los primeros reportes de las autoridades una fuga de gas habr\u00eda sido el [&hellip;]<\/p>\n","protected":false},"author":2476,"featured_media":37410,"comment_status":"open","ping_status":"open","sticky":false,"template":"","format":"standard","meta":{"_jetpack_memberships_contains_paid_content":false,"footnotes":""},"categories":[3],"tags":[],"class_list":["post-37409","post","type-post","status-publish","format-standard","has-post-thumbnail","hentry","category-xalapa"],"jetpack_featured_media_url":"https:\/\/encuentroinformativo.com.mx\/wp-content\/uploads\/2023\/03\/Photo_1677686221601.jpg","jetpack_sharing_enabled":true,"jetpack_likes_enabled":true,"amp_enabled":true,"_links":{"self":[{"href":"https:\/\/encuentroinformativo.com.mx\/index.php?rest_route=\/wp\/v2\/posts\/37409","targetHints":{"allow":["GET"]}}],"collection":[{"href":"https:\/\/encuentroinformativo.com.mx\/index.php?rest_route=\/wp\/v2\/posts"}],"about":[{"href":"https:\/\/encuentroinformativo.com.mx\/index.php?rest_route=\/wp\/v2\/types\/post"}],"author":[{"embeddable":true,"href":"https:\/\/encuentroinformativo.com.mx\/index.php?rest_route=\/wp\/v2\/users\/2476"}],"replies":[{"embeddable":true,"href":"https:\/\/encuentroinformativo.com.mx\/index.php?rest_route=%2Fwp%2Fv2%2Fcomments&post=37409"}],"version-history":[{"count":1,"href":"https:\/\/encuentroinformativo.com.mx\/index.php?rest_route=\/wp\/v2\/posts\/37409\/revisions"}],"predecessor-version":[{"id":37413,"href":"https:\/\/encuentroinformativo.com.mx\/index.php?rest_route=\/wp\/v2\/posts\/37409\/revisions\/37413"}],"wp:featuredmedia":[{"embeddable":true,"href":"https:\/\/encuentroinformativo.com.mx\/index.php?rest_route=\/wp\/v2\/media\/37410"}],"wp:attachment":[{"href":"https:\/\/encuentroinformativo.com.mx\/index.php?rest_route=%2Fwp%2Fv2%2Fmedia&parent=37409"}],"wp:term":[{"taxonomy":"category","embeddable":true,"href":"https:\/\/encuentroinformativo.com.mx\/index.php?rest_route=%2Fwp%2Fv2%2Fcategories&post=37409"},{"taxonomy":"post_tag","embeddable":true,"href":"https:\/\/encuentroinformativo.com.mx\/index.php?rest_route=%2Fwp%2Fv2%2Ftags&post=37409"}],"curies":[{"name":"wp","href":"https:\/\/api.w.org\/{rel}","templated":true}]}}