{"id":37417,"date":"2023-03-01T10:25:06","date_gmt":"2023-03-01T16:25:06","guid":{"rendered":"https:\/\/encuentroinformativo.com.mx\/?p=37417"},"modified":"2023-03-01T10:25:10","modified_gmt":"2023-03-01T16:25:10","slug":"por-aniversario-celebra-temporada-de-conciertos-la-orquesta-filarmonica-de-xalapa","status":"publish","type":"post","link":"https:\/\/encuentroinformativo.com.mx\/?p=37417","title":{"rendered":"Por aniversario, celebra temporada de conciertos la orquesta filarm\u00f3nica de Xalapa"},"content":{"rendered":"\n<p><strong>Israel Garc\u00eda <\/strong><\/p>\n\n\n\n<p>Xalapa, Ver.- La Orquesta Filarm\u00f3nica de Xalapa di\u00f3 a conocer la temporada de concierto 2023 &#8220;M\u00fasica y pasi\u00f3n&#8221;.<\/p>\n\n\n\n<p>Y es que festejan 25 aniversario por lo que el evento se llevara acabo el el auditorio IMAC, y presentar\u00e1n un ciclo de 10 conciertos, con m\u00fasica de diversos autores, dentro de su temporada 2023, bajo la batuta de su director art\u00edstico y fundador Dr. Eduardo Carlos Ju\u00e1rez.<\/p>\n\n\n\n<p>Por lo que en conferencia de prensa hicieron una invitaci\u00f3n para que todas las familias asistan, &#8220;nos acompa\u00f1en al 25 aniversario de la orquesta filarm\u00f3nica&#8221;, anunciaron Saldra Ziglioli Ochoa Jos\u00e9 Arturo Luna, Eduardo Carlos Ju\u00e1rez de la orquesta.<\/p>\n\n\n\n<p>Explic\u00f3 que la orquesta contin\u00faa este a\u00f1o su labor art\u00edstica en Xalapa, consolid\u00e1ndose como una reconocida agrupaci\u00f3n musical en la regi\u00f3n y en M\u00e9xico. Siendo la Orquesta m\u00e1s antigua de un total 14 orquestas fundadas por el doctor Ju\u00e1rez en diversos estados de la Rep\u00fablica Mexicana.<\/p>\n","protected":false},"excerpt":{"rendered":"<p>Israel Garc\u00eda Xalapa, Ver.- La Orquesta Filarm\u00f3nica de Xalapa di\u00f3 a conocer la temporada de concierto 2023 &#8220;M\u00fasica y pasi\u00f3n&#8221;. Y es que festejan 25 aniversario por lo que el evento se llevara acabo el el auditorio IMAC, y presentar\u00e1n un ciclo de 10 conciertos, con m\u00fasica de diversos autores, dentro de su temporada 2023, [&hellip;]<\/p>\n","protected":false},"author":2476,"featured_media":37418,"comment_status":"open","ping_status":"open","sticky":false,"template":"","format":"standard","meta":{"_jetpack_memberships_contains_paid_content":false,"footnotes":""},"categories":[3],"tags":[],"class_list":["post-37417","post","type-post","status-publish","format-standard","has-post-thumbnail","hentry","category-xalapa"],"jetpack_featured_media_url":"https:\/\/encuentroinformativo.com.mx\/wp-content\/uploads\/2023\/03\/IMG-20230301-WA0025.jpg","jetpack_sharing_enabled":true,"jetpack_likes_enabled":true,"amp_enabled":true,"_links":{"self":[{"href":"https:\/\/encuentroinformativo.com.mx\/index.php?rest_route=\/wp\/v2\/posts\/37417","targetHints":{"allow":["GET"]}}],"collection":[{"href":"https:\/\/encuentroinformativo.com.mx\/index.php?rest_route=\/wp\/v2\/posts"}],"about":[{"href":"https:\/\/encuentroinformativo.com.mx\/index.php?rest_route=\/wp\/v2\/types\/post"}],"author":[{"embeddable":true,"href":"https:\/\/encuentroinformativo.com.mx\/index.php?rest_route=\/wp\/v2\/users\/2476"}],"replies":[{"embeddable":true,"href":"https:\/\/encuentroinformativo.com.mx\/index.php?rest_route=%2Fwp%2Fv2%2Fcomments&post=37417"}],"version-history":[{"count":1,"href":"https:\/\/encuentroinformativo.com.mx\/index.php?rest_route=\/wp\/v2\/posts\/37417\/revisions"}],"predecessor-version":[{"id":37419,"href":"https:\/\/encuentroinformativo.com.mx\/index.php?rest_route=\/wp\/v2\/posts\/37417\/revisions\/37419"}],"wp:featuredmedia":[{"embeddable":true,"href":"https:\/\/encuentroinformativo.com.mx\/index.php?rest_route=\/wp\/v2\/media\/37418"}],"wp:attachment":[{"href":"https:\/\/encuentroinformativo.com.mx\/index.php?rest_route=%2Fwp%2Fv2%2Fmedia&parent=37417"}],"wp:term":[{"taxonomy":"category","embeddable":true,"href":"https:\/\/encuentroinformativo.com.mx\/index.php?rest_route=%2Fwp%2Fv2%2Fcategories&post=37417"},{"taxonomy":"post_tag","embeddable":true,"href":"https:\/\/encuentroinformativo.com.mx\/index.php?rest_route=%2Fwp%2Fv2%2Ftags&post=37417"}],"curies":[{"name":"wp","href":"https:\/\/api.w.org\/{rel}","templated":true}]}}