{"id":37420,"date":"2023-03-01T10:31:35","date_gmt":"2023-03-01T16:31:35","guid":{"rendered":"https:\/\/encuentroinformativo.com.mx\/?p=37420"},"modified":"2023-03-01T10:31:37","modified_gmt":"2023-03-01T16:31:37","slug":"en-veracruz-han-desaparecido-84-mujeres-en-menos-de-60-dias-senala-diputada","status":"publish","type":"post","link":"https:\/\/encuentroinformativo.com.mx\/?p=37420","title":{"rendered":"En Veracruz han desaparecido 84 mujeres en menos de 60 d\u00edas, se\u00f1ala Diputada"},"content":{"rendered":"\n<p><strong>Alejandro \u00c1vila<\/strong><\/p>\n\n\n\n<p>Veracruz, Ver.- La diputada local, Ver\u00f3nica Pulido Herrera, lament\u00f3 los recientes n\u00fameros que colocan nuevamente a Veracruz en el segundo lugar de feminicidios a nivel nacional.<\/p>\n\n\n\n<p>La panista mencion\u00f3 que seg\u00fan los datos del Observatorio Universitario de Violencia contra las Mujeres, en los dos primeros meses del 2023 han desaparecido 84 mujeres; adem\u00e1s, al d\u00eda de hoy, las estad\u00edsticas del Secretariado Ejecutivo del Sistema Nacional de Seguridad P\u00fablica confirman que se han asesinado a 7 mujeres en el mes de enero.<\/p>\n\n\n\n<p>La legisladora agreg\u00f3 que, el feminicidio se ha constituido en la expresi\u00f3n extrema del abuso y la violencia hacia las mujeres, y por lo tanto se requiere de una atenci\u00f3n especializada porque se ha desatendido, y por el contrario, se ha normalizado esta violencia hacia las mujeres.<\/p>\n\n\n\n<p>Eso es muy grave, lament\u00f3 Pulido Herrera, quien enumer\u00f3 con gran pena y dolor los \u00faltimos homicidios de una adulta mayor, una mujer polic\u00eda y una estudiante universitaria.<\/p>\n\n\n\n<p>Pulido Herrera desestim\u00f3 las palabras de las autoridades estatales, quienes en discurso o entrevistas se aferran a decir que la incidencia delictiva ha disminuido en Veracruz, datos que difieren a los emitidos por el Secretariado Ejecutivo del Sistema Nacional de Seguridad P\u00fablica; quien adem\u00e1s agrega que Veracruz tambi\u00e9n es segundo lugar en el delito de extorsi\u00f3n con 32 casos, y segundo lugar en delitos de g\u00e9nero en todas sus modalidades distinta a la familiar, con 172 casos.<\/p>\n\n\n\n<p>Finalmente, dijo que el problema hay que enfrentarlo, no negarlo, se debe reconocer, y si es necesario pedir apoyo a la sociedad civil, que est\u00e1 activa frente a este flagelo que debilita el tejido social y enluta a las familias.<\/p>\n\n\n\n<p>Cabe destacar que, la Alerta por Feminicidio mandata la creaci\u00f3n de una Unidad de An\u00e1lisis y Contexto para investigar no solo los hechos, sino tambi\u00e9n las causas que generan esta violencia, conocer el origen para generar acciones interinstitucionales y multidisciplinarias, desde una perspectiva de g\u00e9nero para prevenir, atender y erradicar estos hechos.<\/p>\n","protected":false},"excerpt":{"rendered":"<p>Alejandro \u00c1vila Veracruz, Ver.- La diputada local, Ver\u00f3nica Pulido Herrera, lament\u00f3 los recientes n\u00fameros que colocan nuevamente a Veracruz en el segundo lugar de feminicidios a nivel nacional. La panista mencion\u00f3 que seg\u00fan los datos del Observatorio Universitario de Violencia contra las Mujeres, en los dos primeros meses del 2023 han desaparecido 84 mujeres; adem\u00e1s, [&hellip;]<\/p>\n","protected":false},"author":2476,"featured_media":37421,"comment_status":"open","ping_status":"open","sticky":false,"template":"","format":"standard","meta":{"_jetpack_memberships_contains_paid_content":false,"footnotes":""},"categories":[2],"tags":[],"class_list":["post-37420","post","type-post","status-publish","format-standard","has-post-thumbnail","hentry","category-estado"],"jetpack_featured_media_url":"https:\/\/encuentroinformativo.com.mx\/wp-content\/uploads\/2023\/03\/IMG-20230301-WA00352.jpg","jetpack_sharing_enabled":true,"jetpack_likes_enabled":true,"amp_enabled":true,"_links":{"self":[{"href":"https:\/\/encuentroinformativo.com.mx\/index.php?rest_route=\/wp\/v2\/posts\/37420","targetHints":{"allow":["GET"]}}],"collection":[{"href":"https:\/\/encuentroinformativo.com.mx\/index.php?rest_route=\/wp\/v2\/posts"}],"about":[{"href":"https:\/\/encuentroinformativo.com.mx\/index.php?rest_route=\/wp\/v2\/types\/post"}],"author":[{"embeddable":true,"href":"https:\/\/encuentroinformativo.com.mx\/index.php?rest_route=\/wp\/v2\/users\/2476"}],"replies":[{"embeddable":true,"href":"https:\/\/encuentroinformativo.com.mx\/index.php?rest_route=%2Fwp%2Fv2%2Fcomments&post=37420"}],"version-history":[{"count":1,"href":"https:\/\/encuentroinformativo.com.mx\/index.php?rest_route=\/wp\/v2\/posts\/37420\/revisions"}],"predecessor-version":[{"id":37422,"href":"https:\/\/encuentroinformativo.com.mx\/index.php?rest_route=\/wp\/v2\/posts\/37420\/revisions\/37422"}],"wp:featuredmedia":[{"embeddable":true,"href":"https:\/\/encuentroinformativo.com.mx\/index.php?rest_route=\/wp\/v2\/media\/37421"}],"wp:attachment":[{"href":"https:\/\/encuentroinformativo.com.mx\/index.php?rest_route=%2Fwp%2Fv2%2Fmedia&parent=37420"}],"wp:term":[{"taxonomy":"category","embeddable":true,"href":"https:\/\/encuentroinformativo.com.mx\/index.php?rest_route=%2Fwp%2Fv2%2Fcategories&post=37420"},{"taxonomy":"post_tag","embeddable":true,"href":"https:\/\/encuentroinformativo.com.mx\/index.php?rest_route=%2Fwp%2Fv2%2Ftags&post=37420"}],"curies":[{"name":"wp","href":"https:\/\/api.w.org\/{rel}","templated":true}]}}