{"id":37425,"date":"2023-03-01T12:56:55","date_gmt":"2023-03-01T18:56:55","guid":{"rendered":"https:\/\/encuentroinformativo.com.mx\/?p=37425"},"modified":"2023-03-01T12:56:59","modified_gmt":"2023-03-01T18:56:59","slug":"grafitean-memorial-de-personas-desaparecidas-en-xalapa","status":"publish","type":"post","link":"https:\/\/encuentroinformativo.com.mx\/?p=37425","title":{"rendered":"Grafitean memorial de personas desaparecidas en Xalapa"},"content":{"rendered":"\n<p><strong>Juan Arcos <\/strong><\/p>\n\n\n\n<p>Xalapa, Ver.- Despu\u00e9s de cinco a\u00f1os de lucha, colectivos de b\u00fasqueda lograron que se concluyera la construcci\u00f3n del \u201cMemorial para nuestras personas desaparecidas\u201d en esta ciudad de Xalapa; sin embargo, recientemente la estructura fue grafiteada.<\/p>\n\n\n\n<p>Se trata de un reclamo que realiz\u00f3 el colectivo Familiares Enlaces Xalapa durante varias administraciones municipales.<\/p>\n\n\n\n<p>La obra se llev\u00f3 a cabo sobre la glorieta de las avenidas Orizaba y Xalapa, que forma parte del parque \u201cRafael Hern\u00e1ndez Ochoa\u201d, de la colonia Obrero Campesina.<\/p>\n\n\n\n<p>Carlos Salda\u00f1a Grajales, integrante de dicho colectivo, pidi\u00f3 apoyo a la poblaci\u00f3n para conservar en buenas condiciones el memorial, pues ya fue da\u00f1ado con pintura en aerosol.<\/p>\n\n\n\n<p>\u201cSolicitamos el apoyo a toda la ciudadan\u00eda para cuidar y conservar esta estructura, porque la acaban de terminar y ya nos la grafitearon, entonces no se vale, es una obra con u\u00f1a sentimiento bastante fuerte para nosotros\u201d, enfatiz\u00f3.<\/p>\n\n\n\n<p>\u00c9l busca a sus hijos Karla Nallely Salda\u00f1a Grajales y Jes\u00fas Alberto Estrada Mart\u00ednez, quienes desaparecieron el 29 de noviembre de 2011, en la zona de antros de Xalapa.<\/p>\n\n\n\n<p>Con ayuda de los integrantes del colectivo Buscando a Nuestros Desaparecidos y Desaparecidas Veracruz, hab\u00edan logrado que el ayuntamiento contribuyera a los trabajos durante la pasada administraci\u00f3n municipal, pero despu\u00e9s la obra qued\u00f3 inconclusa.<\/p>\n\n\n\n<p>\u201cEsas im\u00e1genes, esos rostros que van a estar ah\u00ed son seres queridos, son nuestros hijos, nuestros padres, nuestros hermanos, abuelos, esa una pena muy fuerte y es una manera de tenerlos cerca de nosotros, ya que al no tenerlos f\u00edsicamente queremos tener un espacio donde convivir, donde podamos estar junto a ellos y llevar a cabo campa\u00f1as de sensibilizaci\u00f3n, mensajes hacia los j\u00f3venes\u201d, a\u00f1adi\u00f3.<\/p>\n\n\n\n<p>El espacio fue otorgado por el Cabildo xalape\u00f1o el 29 de diciembre de 2017, en la administraci\u00f3n de Am\u00e9rico Zu\u00f1iga Mart\u00ednez; sin embargo, durante este gobierno local, que encabeza Ricardo Ahued Bardahuil, se concluyeron los trabajos.<\/p>\n\n\n\n<p>\u201cPusimos el primer granito de arena, hicimos eventos para recaudar fondos. Solo se logr\u00f3 recaudar la m\u00ednima parte, despu\u00e9s tuvimos que tocar puertas al ayuntamiento\u201d, expres\u00f3 Salda\u00f1a Grajales.<\/p>\n\n\n\n<p>En el sitio se colocar\u00e1n las fotograf\u00edas de 32 desaparecidos para evitar que sus casos queden en el olvido. Se trata de un puente peatonal donde las familias contar\u00edan con un espacio para llevar arreglos florales y otras ofrendas a sus desaparecidos.<\/p>\n\n\n\n<p>\u201cLlega Hip\u00f3lito (exalcalde) y el nos cambia el lugar para el memorial, nos da un mejor lugar. Despu\u00e9s qued\u00f3 abandonado el lugar. Llega Ricardo Ahued Bardahuil y sin su apoyo no hubi\u00e9ramos podido concluirlo. Esto no es pol\u00edtico, quiero dejarlo muy claro, nosotros somos ajenos a todo eso\u201d, enfatiz\u00f3.<\/p>\n","protected":false},"excerpt":{"rendered":"<p>Juan Arcos Xalapa, Ver.- Despu\u00e9s de cinco a\u00f1os de lucha, colectivos de b\u00fasqueda lograron que se concluyera la construcci\u00f3n del \u201cMemorial para nuestras personas desaparecidas\u201d en esta ciudad de Xalapa; sin embargo, recientemente la estructura fue grafiteada. Se trata de un reclamo que realiz\u00f3 el colectivo Familiares Enlaces Xalapa durante varias administraciones municipales. La obra [&hellip;]<\/p>\n","protected":false},"author":2476,"featured_media":37426,"comment_status":"open","ping_status":"open","sticky":false,"template":"","format":"standard","meta":{"_jetpack_memberships_contains_paid_content":false,"footnotes":""},"categories":[3],"tags":[],"class_list":["post-37425","post","type-post","status-publish","format-standard","has-post-thumbnail","hentry","category-xalapa"],"jetpack_featured_media_url":"https:\/\/encuentroinformativo.com.mx\/wp-content\/uploads\/2023\/03\/7da3389a-e540-47d4-9a0d-0dd53b84702a.jpg","jetpack_sharing_enabled":true,"jetpack_likes_enabled":true,"amp_enabled":true,"_links":{"self":[{"href":"https:\/\/encuentroinformativo.com.mx\/index.php?rest_route=\/wp\/v2\/posts\/37425","targetHints":{"allow":["GET"]}}],"collection":[{"href":"https:\/\/encuentroinformativo.com.mx\/index.php?rest_route=\/wp\/v2\/posts"}],"about":[{"href":"https:\/\/encuentroinformativo.com.mx\/index.php?rest_route=\/wp\/v2\/types\/post"}],"author":[{"embeddable":true,"href":"https:\/\/encuentroinformativo.com.mx\/index.php?rest_route=\/wp\/v2\/users\/2476"}],"replies":[{"embeddable":true,"href":"https:\/\/encuentroinformativo.com.mx\/index.php?rest_route=%2Fwp%2Fv2%2Fcomments&post=37425"}],"version-history":[{"count":1,"href":"https:\/\/encuentroinformativo.com.mx\/index.php?rest_route=\/wp\/v2\/posts\/37425\/revisions"}],"predecessor-version":[{"id":37427,"href":"https:\/\/encuentroinformativo.com.mx\/index.php?rest_route=\/wp\/v2\/posts\/37425\/revisions\/37427"}],"wp:featuredmedia":[{"embeddable":true,"href":"https:\/\/encuentroinformativo.com.mx\/index.php?rest_route=\/wp\/v2\/media\/37426"}],"wp:attachment":[{"href":"https:\/\/encuentroinformativo.com.mx\/index.php?rest_route=%2Fwp%2Fv2%2Fmedia&parent=37425"}],"wp:term":[{"taxonomy":"category","embeddable":true,"href":"https:\/\/encuentroinformativo.com.mx\/index.php?rest_route=%2Fwp%2Fv2%2Fcategories&post=37425"},{"taxonomy":"post_tag","embeddable":true,"href":"https:\/\/encuentroinformativo.com.mx\/index.php?rest_route=%2Fwp%2Fv2%2Ftags&post=37425"}],"curies":[{"name":"wp","href":"https:\/\/api.w.org\/{rel}","templated":true}]}}