{"id":37434,"date":"2023-03-01T14:16:06","date_gmt":"2023-03-01T20:16:06","guid":{"rendered":"https:\/\/encuentroinformativo.com.mx\/?p=37434"},"modified":"2023-03-01T14:16:10","modified_gmt":"2023-03-01T20:16:10","slug":"tamaulipeca-con-experiencia-en-eu-se-une-a-halconas-rojas","status":"publish","type":"post","link":"https:\/\/encuentroinformativo.com.mx\/?p=37434","title":{"rendered":"Tamaulipeca con experiencia en EU se une a Halconas Rojas"},"content":{"rendered":"\n<p><strong>Alejandro \u00c1vila<\/strong><\/p>\n\n\n\n<p>Veracruz, Ver.- La quinteta de Halconas Rojas sigue formando un cuadro competitivo y de val\u00eda en la liga; anunciaron a la tamaulipeca, Zazil Mu\u00f1oz, quien jugar\u00e1 la posici\u00f3n 5.<\/p>\n\n\n\n<p>Zazil Mu\u00f1oz surge del baloncesto de Olimpiada Nacional con la representaci\u00f3n de Tamaulipas y contin\u00faa en los Nacionales de Primera Fuerza y del CONADE, adem\u00e1s de ser llamada a la Preselecci\u00f3n Nacional Sub 15.<\/p>\n\n\n\n<p>A nivel profesional, Zazil ha jugado en la Liga Mexicana de Baloncesto Profesional Femenil (LMBPF) con Mieleras de Guanajuato, donde el a\u00f1o pasado se coron\u00f3 campeona; antes estuvo con Acereras de San Luis Potos\u00ed.<\/p>\n\n\n\n<p>Tambi\u00e9n ha militado en el baloncesto de Estados Unidos en una Liga de Desarrollo de Baloncesto (WBBA).<\/p>\n\n\n\n<p>Sobre su llegada a Halconas Rojas, Zazil Mu\u00f1oz se\u00f1al\u00f3, \u201cemocionada por tener una nueva casa; vengo con muchas expectativas con respecto al equipo, al entrenador, a la afici\u00f3n y dispuesta a entregar todo en la cancha. Esperamos contar con todo el apoyo de parte de los aficionados. Nosotras vamos a entregar todo en la cancha\u201d, finaliz\u00f3.<\/p>\n","protected":false},"excerpt":{"rendered":"<p>Alejandro \u00c1vila Veracruz, Ver.- La quinteta de Halconas Rojas sigue formando un cuadro competitivo y de val\u00eda en la liga; anunciaron a la tamaulipeca, Zazil Mu\u00f1oz, quien jugar\u00e1 la posici\u00f3n 5. Zazil Mu\u00f1oz surge del baloncesto de Olimpiada Nacional con la representaci\u00f3n de Tamaulipas y contin\u00faa en los Nacionales de Primera Fuerza y del CONADE, [&hellip;]<\/p>\n","protected":false},"author":2476,"featured_media":37435,"comment_status":"open","ping_status":"open","sticky":false,"template":"","format":"standard","meta":{"_jetpack_memberships_contains_paid_content":false,"footnotes":""},"categories":[2],"tags":[],"class_list":["post-37434","post","type-post","status-publish","format-standard","has-post-thumbnail","hentry","category-estado"],"jetpack_featured_media_url":"https:\/\/encuentroinformativo.com.mx\/wp-content\/uploads\/2023\/03\/IMG-20230301-WA01472.jpg","jetpack_sharing_enabled":true,"jetpack_likes_enabled":true,"amp_enabled":true,"_links":{"self":[{"href":"https:\/\/encuentroinformativo.com.mx\/index.php?rest_route=\/wp\/v2\/posts\/37434","targetHints":{"allow":["GET"]}}],"collection":[{"href":"https:\/\/encuentroinformativo.com.mx\/index.php?rest_route=\/wp\/v2\/posts"}],"about":[{"href":"https:\/\/encuentroinformativo.com.mx\/index.php?rest_route=\/wp\/v2\/types\/post"}],"author":[{"embeddable":true,"href":"https:\/\/encuentroinformativo.com.mx\/index.php?rest_route=\/wp\/v2\/users\/2476"}],"replies":[{"embeddable":true,"href":"https:\/\/encuentroinformativo.com.mx\/index.php?rest_route=%2Fwp%2Fv2%2Fcomments&post=37434"}],"version-history":[{"count":1,"href":"https:\/\/encuentroinformativo.com.mx\/index.php?rest_route=\/wp\/v2\/posts\/37434\/revisions"}],"predecessor-version":[{"id":37436,"href":"https:\/\/encuentroinformativo.com.mx\/index.php?rest_route=\/wp\/v2\/posts\/37434\/revisions\/37436"}],"wp:featuredmedia":[{"embeddable":true,"href":"https:\/\/encuentroinformativo.com.mx\/index.php?rest_route=\/wp\/v2\/media\/37435"}],"wp:attachment":[{"href":"https:\/\/encuentroinformativo.com.mx\/index.php?rest_route=%2Fwp%2Fv2%2Fmedia&parent=37434"}],"wp:term":[{"taxonomy":"category","embeddable":true,"href":"https:\/\/encuentroinformativo.com.mx\/index.php?rest_route=%2Fwp%2Fv2%2Fcategories&post=37434"},{"taxonomy":"post_tag","embeddable":true,"href":"https:\/\/encuentroinformativo.com.mx\/index.php?rest_route=%2Fwp%2Fv2%2Ftags&post=37434"}],"curies":[{"name":"wp","href":"https:\/\/api.w.org\/{rel}","templated":true}]}}