{"id":3744,"date":"2020-06-30T15:15:20","date_gmt":"2020-06-30T20:15:20","guid":{"rendered":"https:\/\/encuentroinformativo.com\/?p=3744"},"modified":"2020-06-30T15:15:22","modified_gmt":"2020-06-30T20:15:22","slug":"por-miedo-a-contagios-se-ausentan-ediles-del-cabildo-xalapeno","status":"publish","type":"post","link":"https:\/\/encuentroinformativo.com.mx\/?p=3744","title":{"rendered":"Por miedo a contagios, se ausentan ediles del Cabildo xalape\u00f1o"},"content":{"rendered":"\n<p><strong>Dar\u00edo Pale <\/strong><\/p>\n\n\n\n<p>Xalapa, Ver.- Debido a que varios regidores no se presentaron a la sesi\u00f3n de Cabildo argumentando que no exist\u00edan las condiciones necesarias para que se contagiaran del COVID-19 fue suspendida la sesi\u00f3n de Cabildo de Xalapa por falta de qu\u00f3rum.<\/p>\n\n\n\n<p>Por su parte el regidor Pedro Alvarado Hern\u00e1ndez env\u00edo un escrito para justificar su inasistencia por considerar que no se cuentan con las medidas de prevenci\u00f3n para evitar el contagio por el Covid-19.<\/p>\n\n\n\n<p>Record\u00f3 que el pasado fin de semana el regidor Juan Gabriel Fern\u00e1ndez Garibay dio a conocer que hab\u00eda dado positivo a Coronavirus, por lo cual \u00a0hab\u00edan solicitado que se pudiera cambiar la sede de las sesiones como lo han hecho otros ayuntamientos, a lugares m\u00e1s amplios y donde se tuviera una distancia amplia entre ediles y mayor ventilaci\u00f3n.<\/p>\n\n\n\n<p>Se\u00f1al\u00f3 que el \u00e1rea de Cabildo es un espacio cerrado, que a pesar de contar con ventanas est\u00e1n permanecen cerradas por el ruido \u00a0aunado a ellos a\u00f1adi\u00f3 que son 15 ediles, el secretario, la asistencia t\u00e9cnica del secretario, el \u00e1rea de comunicaci\u00f3n social, directores del ayuntamiento.<\/p>\n\n\n\n<p>\u201cEntonces hay momento que se congregan ah\u00ed 25 o 30 personas, en un lugar cerrado donde no tenemos la distancia adecuada y eso desde mi punto de vista no es adecuado\u201d, se\u00f1al\u00f3.<\/p>\n\n\n\n<p>Finalmente dio a conocer que la semana pasada durante la sesi\u00f3n extraordinaria del consejo municipal de Protecci\u00f3n Civil, se congregaron cerca de 50 personas.<\/p>\n\n\n\n<p><\/p>\n","protected":false},"excerpt":{"rendered":"<p>Dar\u00edo Pale Xalapa, Ver.- Debido a que varios regidores no se presentaron a la sesi\u00f3n de Cabildo argumentando que no exist\u00edan las condiciones necesarias para que se contagiaran del COVID-19 fue suspendida la sesi\u00f3n de Cabildo de Xalapa por falta de qu\u00f3rum. Por su parte el regidor Pedro Alvarado Hern\u00e1ndez env\u00edo un escrito para justificar [&hellip;]<\/p>\n","protected":false},"author":1,"featured_media":3745,"comment_status":"open","ping_status":"open","sticky":false,"template":"","format":"standard","meta":{"_jetpack_memberships_contains_paid_content":false,"footnotes":""},"categories":[3],"tags":[],"class_list":["post-3744","post","type-post","status-publish","format-standard","has-post-thumbnail","hentry","category-xalapa"],"jetpack_featured_media_url":"https:\/\/encuentroinformativo.com.mx\/wp-content\/uploads\/2020\/06\/6B8FA73F-1821-4BA3-9D71-868492E9EA59.jpeg","jetpack_sharing_enabled":true,"jetpack_likes_enabled":true,"amp_enabled":true,"_links":{"self":[{"href":"https:\/\/encuentroinformativo.com.mx\/index.php?rest_route=\/wp\/v2\/posts\/3744","targetHints":{"allow":["GET"]}}],"collection":[{"href":"https:\/\/encuentroinformativo.com.mx\/index.php?rest_route=\/wp\/v2\/posts"}],"about":[{"href":"https:\/\/encuentroinformativo.com.mx\/index.php?rest_route=\/wp\/v2\/types\/post"}],"author":[{"embeddable":true,"href":"https:\/\/encuentroinformativo.com.mx\/index.php?rest_route=\/wp\/v2\/users\/1"}],"replies":[{"embeddable":true,"href":"https:\/\/encuentroinformativo.com.mx\/index.php?rest_route=%2Fwp%2Fv2%2Fcomments&post=3744"}],"version-history":[{"count":1,"href":"https:\/\/encuentroinformativo.com.mx\/index.php?rest_route=\/wp\/v2\/posts\/3744\/revisions"}],"predecessor-version":[{"id":3746,"href":"https:\/\/encuentroinformativo.com.mx\/index.php?rest_route=\/wp\/v2\/posts\/3744\/revisions\/3746"}],"wp:featuredmedia":[{"embeddable":true,"href":"https:\/\/encuentroinformativo.com.mx\/index.php?rest_route=\/wp\/v2\/media\/3745"}],"wp:attachment":[{"href":"https:\/\/encuentroinformativo.com.mx\/index.php?rest_route=%2Fwp%2Fv2%2Fmedia&parent=3744"}],"wp:term":[{"taxonomy":"category","embeddable":true,"href":"https:\/\/encuentroinformativo.com.mx\/index.php?rest_route=%2Fwp%2Fv2%2Fcategories&post=3744"},{"taxonomy":"post_tag","embeddable":true,"href":"https:\/\/encuentroinformativo.com.mx\/index.php?rest_route=%2Fwp%2Fv2%2Ftags&post=3744"}],"curies":[{"name":"wp","href":"https:\/\/api.w.org\/{rel}","templated":true}]}}