{"id":37444,"date":"2023-03-01T15:30:09","date_gmt":"2023-03-01T21:30:09","guid":{"rendered":"https:\/\/encuentroinformativo.com.mx\/?p=37444"},"modified":"2023-03-01T15:30:13","modified_gmt":"2023-03-01T21:30:13","slug":"iniciara-en-abril-construccion-de-puente-en-las-trancas-siop","status":"publish","type":"post","link":"https:\/\/encuentroinformativo.com.mx\/?p=37444","title":{"rendered":"Iniciar\u00e1 en abril construcci\u00f3n de puente en Las Trancas: SIOP"},"content":{"rendered":"\n<p>Dar\u00edo Pale <\/p>\n\n\n\n<p>Xalapa, Ver.- El titular de la Secretar\u00eda de Infraestructura y Obras P\u00fablicas (SIOP), Elio Hern\u00e1ndez Guti\u00e9rrez dio a conocer que est\u00e1n buscando rutas alternas en Xalapa y Emiliano Zapata por la construcci\u00f3n del puente en Las Trancas.<\/p>\n\n\n\n<p>En entrevista se\u00f1al\u00f3 que en abril podr\u00eda iniciar la construcci\u00f3n del primer puente considerado en el Plan B de movilidad para Xalapa, se har\u00e1 en el tramo de la carretera Xalapa- Veracruz, a la altura de Las Trancas y la obra tendr\u00e1 una duraci\u00f3n de seis a siete meses.<\/p>\n\n\n\n<p>El segundo puente se construir\u00e1 en la avenida L\u00e1zaro C\u00e1rdenas a la altura de la plaza Urban Center, el de las Trancas podr\u00eda quedar listo este a\u00f1o, mientras que el de Urban Center hasta el 2024.<\/p>\n\n\n\n<p>Con motivo de estas dos obras, la Secretar\u00eda de Infraestructura y Obra P\u00fablica contempla v\u00edas alternas en el paso por Xalapa por ambas rutas, se\u00f1al\u00f3 el secretario.<\/p>\n\n\n\n<p>\u201cEstamos platicando con el alcalde de Emiliano Zapata, que le corresponde una parte, y con el de Xalapa, para ver rutas alternas, vamos a tener que desviar por Las \u00c1nimas, empezar a ver, porque los camiones grandes, esos no pueden pasar por la ciudad, pasan en la noche&#8221;, se\u00f1al\u00f3.<\/p>\n\n\n\n<p>Finalmente dio a conocer que &#8220;probablemente la obra va a estar en proceso, entonces ya nos estamos organizando con ellos para ver las rutas alternas, tanto la de aqu\u00ed de Las Trancas&#8230; yo creo que donde vamos a tener m\u00e1s problemas es en el Urban Center\u201d.<\/p>\n","protected":false},"excerpt":{"rendered":"<p>Dar\u00edo Pale Xalapa, Ver.- El titular de la Secretar\u00eda de Infraestructura y Obras P\u00fablicas (SIOP), Elio Hern\u00e1ndez Guti\u00e9rrez dio a conocer que est\u00e1n buscando rutas alternas en Xalapa y Emiliano Zapata por la construcci\u00f3n del puente en Las Trancas. En entrevista se\u00f1al\u00f3 que en abril podr\u00eda iniciar la construcci\u00f3n del primer puente considerado en el [&hellip;]<\/p>\n","protected":false},"author":2476,"featured_media":37446,"comment_status":"open","ping_status":"open","sticky":false,"template":"","format":"standard","meta":{"_jetpack_memberships_contains_paid_content":false,"footnotes":""},"categories":[3],"tags":[],"class_list":["post-37444","post","type-post","status-publish","format-standard","has-post-thumbnail","hentry","category-xalapa"],"jetpack_featured_media_url":"https:\/\/encuentroinformativo.com.mx\/wp-content\/uploads\/2023\/03\/Photo_1677705999743.jpg","jetpack_sharing_enabled":true,"jetpack_likes_enabled":true,"amp_enabled":true,"_links":{"self":[{"href":"https:\/\/encuentroinformativo.com.mx\/index.php?rest_route=\/wp\/v2\/posts\/37444","targetHints":{"allow":["GET"]}}],"collection":[{"href":"https:\/\/encuentroinformativo.com.mx\/index.php?rest_route=\/wp\/v2\/posts"}],"about":[{"href":"https:\/\/encuentroinformativo.com.mx\/index.php?rest_route=\/wp\/v2\/types\/post"}],"author":[{"embeddable":true,"href":"https:\/\/encuentroinformativo.com.mx\/index.php?rest_route=\/wp\/v2\/users\/2476"}],"replies":[{"embeddable":true,"href":"https:\/\/encuentroinformativo.com.mx\/index.php?rest_route=%2Fwp%2Fv2%2Fcomments&post=37444"}],"version-history":[{"count":1,"href":"https:\/\/encuentroinformativo.com.mx\/index.php?rest_route=\/wp\/v2\/posts\/37444\/revisions"}],"predecessor-version":[{"id":37447,"href":"https:\/\/encuentroinformativo.com.mx\/index.php?rest_route=\/wp\/v2\/posts\/37444\/revisions\/37447"}],"wp:featuredmedia":[{"embeddable":true,"href":"https:\/\/encuentroinformativo.com.mx\/index.php?rest_route=\/wp\/v2\/media\/37446"}],"wp:attachment":[{"href":"https:\/\/encuentroinformativo.com.mx\/index.php?rest_route=%2Fwp%2Fv2%2Fmedia&parent=37444"}],"wp:term":[{"taxonomy":"category","embeddable":true,"href":"https:\/\/encuentroinformativo.com.mx\/index.php?rest_route=%2Fwp%2Fv2%2Fcategories&post=37444"},{"taxonomy":"post_tag","embeddable":true,"href":"https:\/\/encuentroinformativo.com.mx\/index.php?rest_route=%2Fwp%2Fv2%2Ftags&post=37444"}],"curies":[{"name":"wp","href":"https:\/\/api.w.org\/{rel}","templated":true}]}}