{"id":37461,"date":"2023-03-02T09:36:44","date_gmt":"2023-03-02T15:36:44","guid":{"rendered":"https:\/\/encuentroinformativo.com.mx\/?p=37461"},"modified":"2023-03-02T09:36:47","modified_gmt":"2023-03-02T15:36:47","slug":"convocan-a-concurso-de-pintura-40-mil-pesos-en-premios","status":"publish","type":"post","link":"https:\/\/encuentroinformativo.com.mx\/?p=37461","title":{"rendered":"Convocan a concurso de pintura, 40 mil pesos en premios"},"content":{"rendered":"\n<p><strong>Alejandro \u00c1vila<\/strong><\/p>\n\n\n\n<p>Veracruz, Ver.- El Centro Cultura &#8220;La Galer\u00eda&#8221; convoc\u00f3 a un concurso de pintura que tendr\u00e1 una bolsa de 40 mil pesos en premios; este evento es avalado por los Ayuntamientos de Veracruz y Boca del R\u00edo, quienes promover\u00e1n el arte a trav\u00e9s de sus direcciones de Educaci\u00f3n.<\/p>\n\n\n\n<p>Las categor\u00edas son: 7 a 11 a\u00f1os, 11 a 15 a\u00f1os y 15 a 17 a\u00f1os; la t\u00e9cnica es libre aunque se recomiendan utilizar materiales con base agua para evitar los t\u00f3xicos; el formato es \u00fanico, de 40 cm de base por 50 cm de altura.<\/p>\n\n\n\n<p>Las est\u00e1n abiertas del 2 al 31 de marzo, y se detall\u00f3 que, la obra tendr\u00e1 que ir embalada, firmada por un pseudonimo, y anexado un sobre adherido al embalaje de la obra, con los datos del participante para que sea totalmente secreto; la obra se recibe hasta el 19 de abril.<\/p>\n\n\n\n<p>&#8220;La primera exposici\u00f3n para que el jurado eval\u00fae en sitio, es el viernes 21 de abril en el Museo de la Ciudad &#8216;Manuel Guti\u00e9rrez Zamora&#8217;, se deja permanente una semana esa exposici\u00f3n, se seleccionan a los semifinales y transportamos las obras a Boca del R\u00edo al Museo del Pirata, en donde siguen una semana m\u00e1s en exposici\u00f3n, y la final se hace el 30 de abril, aqu\u00ed en La Galer\u00eda&#8221;, dijo Luis Humberto Gaya Richardi, director de La Galer\u00eda, ubicada en la avenida Jos\u00e9 Mart\u00ed en el Puerto de Veracruz.<\/p>\n\n\n\n<p>Los tres primeros lugares de cada categor\u00eda obtendr\u00e1n becas para clases de pintura y dibujo; al igual que los segundo y terceros lugares, aunque var\u00eda el periodo de la beca, adem\u00e1s de la entrega de material para continuar desarrollando su talento.<\/p>\n\n\n\n<p>&#8220;Estamos esperando la participaci\u00f3n de 120 ni\u00f1os, que era el inicio, sin embargo en el transcurso de esta semana llevamos 65, esto es excelente, muy bueno, no s\u00e9 cuantos vamos a recibir, creo que vamos a sobrepasar la capacidad inicial pensada, pero estamos cubiertos con el uso del Museo en su totalidad&#8221;, culmin\u00f3.<\/p>\n","protected":false},"excerpt":{"rendered":"<p>Alejandro \u00c1vila Veracruz, Ver.- El Centro Cultura &#8220;La Galer\u00eda&#8221; convoc\u00f3 a un concurso de pintura que tendr\u00e1 una bolsa de 40 mil pesos en premios; este evento es avalado por los Ayuntamientos de Veracruz y Boca del R\u00edo, quienes promover\u00e1n el arte a trav\u00e9s de sus direcciones de Educaci\u00f3n. Las categor\u00edas son: 7 a 11 [&hellip;]<\/p>\n","protected":false},"author":2476,"featured_media":37462,"comment_status":"open","ping_status":"open","sticky":false,"template":"","format":"standard","meta":{"_jetpack_memberships_contains_paid_content":false,"footnotes":""},"categories":[2],"tags":[],"class_list":["post-37461","post","type-post","status-publish","format-standard","has-post-thumbnail","hentry","category-estado"],"jetpack_featured_media_url":"https:\/\/encuentroinformativo.com.mx\/wp-content\/uploads\/2023\/03\/IMG-20230302-WA00052.jpg","jetpack_sharing_enabled":true,"jetpack_likes_enabled":true,"amp_enabled":true,"_links":{"self":[{"href":"https:\/\/encuentroinformativo.com.mx\/index.php?rest_route=\/wp\/v2\/posts\/37461","targetHints":{"allow":["GET"]}}],"collection":[{"href":"https:\/\/encuentroinformativo.com.mx\/index.php?rest_route=\/wp\/v2\/posts"}],"about":[{"href":"https:\/\/encuentroinformativo.com.mx\/index.php?rest_route=\/wp\/v2\/types\/post"}],"author":[{"embeddable":true,"href":"https:\/\/encuentroinformativo.com.mx\/index.php?rest_route=\/wp\/v2\/users\/2476"}],"replies":[{"embeddable":true,"href":"https:\/\/encuentroinformativo.com.mx\/index.php?rest_route=%2Fwp%2Fv2%2Fcomments&post=37461"}],"version-history":[{"count":1,"href":"https:\/\/encuentroinformativo.com.mx\/index.php?rest_route=\/wp\/v2\/posts\/37461\/revisions"}],"predecessor-version":[{"id":37463,"href":"https:\/\/encuentroinformativo.com.mx\/index.php?rest_route=\/wp\/v2\/posts\/37461\/revisions\/37463"}],"wp:featuredmedia":[{"embeddable":true,"href":"https:\/\/encuentroinformativo.com.mx\/index.php?rest_route=\/wp\/v2\/media\/37462"}],"wp:attachment":[{"href":"https:\/\/encuentroinformativo.com.mx\/index.php?rest_route=%2Fwp%2Fv2%2Fmedia&parent=37461"}],"wp:term":[{"taxonomy":"category","embeddable":true,"href":"https:\/\/encuentroinformativo.com.mx\/index.php?rest_route=%2Fwp%2Fv2%2Fcategories&post=37461"},{"taxonomy":"post_tag","embeddable":true,"href":"https:\/\/encuentroinformativo.com.mx\/index.php?rest_route=%2Fwp%2Fv2%2Ftags&post=37461"}],"curies":[{"name":"wp","href":"https:\/\/api.w.org\/{rel}","templated":true}]}}