{"id":37464,"date":"2023-03-02T09:38:42","date_gmt":"2023-03-02T15:38:42","guid":{"rendered":"https:\/\/encuentroinformativo.com.mx\/?p=37464"},"modified":"2023-03-02T09:38:45","modified_gmt":"2023-03-02T15:38:45","slug":"un-veracruzano-a-la-presidencia","status":"publish","type":"post","link":"https:\/\/encuentroinformativo.com.mx\/?p=37464","title":{"rendered":"UN VERACRUZANO A LA PRESIDENCIA"},"content":{"rendered":"\n<p><strong>Los Pol\u00edticos<\/strong><\/p>\n\n\n\n<p><strong>Salvador Mu\u00f1oz<\/strong><\/p>\n\n\n\n<p>A ojo de buen cubero, podr\u00edamos hablar de entre 7 y nueve suspirantes a la Gubernatura para este 2024 por parte de las distintas fuerzas pol\u00edticas\u2026 as\u00ed, claros, tenemos dos de Morena, con Nahle y Cheko, sin contar a dos o tres que se hacen de la boca chiquita; del PAN, m\u00ednimo tres, entre Julen, los Yunes azules y hay quienes apuntan a la alcaldesa Paty Lobeira; por parte del PRI, citan a los Yunes rojos, H\u00e9ctor y Pepe, adem\u00e1s de Juan Manuel Diez Francos y la diputada Anil\u00fa Ingram. En Movimiento Ciudadano, con el revuelo que tiene, enlistan a Ruth Callejas como en su momento lo hicieron con Jos\u00e9 Manuel del R\u00edo Virgen, y hasta ah\u00ed, \u00a1p\u00e1rele de contar!<\/p>\n\n\n\n<p>No citamos a Fuerza, Verde, PT ni al PRD porque si bien las pretensiones en la mayor\u00eda es hacer alianza, hay algunos que prefieren apostarle a la corona del Carnaval de Veracruz\u2026<\/p>\n\n\n\n<p>Como dato adicional, algunos de los citados en el primer p\u00e1rrafo bien podr\u00edan tirarle a la Gubernatura con miras de llegar a la Senadur\u00eda\u2026<\/p>\n\n\n\n<p>S\u00ed, podemos hablar de que en conjunto, hay una caballada rolliza, choncha, robusta, obesa pero que de cierto modo, no deja de ser limitada para ir m\u00e1s all\u00e1 de lo que en su momento, nos dieron otros veracruzanos: competencia nacional\u2026<\/p>\n\n\n\n<p>Aclaro: son las circunstancias, quiero pensar que han sido las circunstancias pol\u00edticas del pa\u00eds que han impedido que el pol\u00edtico veracruzano sea contemplado como opci\u00f3n para competir por la Presidencia\u2026<\/p>\n\n\n\n<p>S\u00ed, s\u00ed\u2026 habr\u00e1 quienes digan que T\u00edo Fide, pero siendo realistas y quienes realmente conocieron al Gobernador, saben que el tipo era un experto en hacer ruido, costara lo que costara.<\/p>\n\n\n\n<p>Es don Adolfo Ruiz Cortines el \u00faltimo veracruzano que compiti\u00f3 por la presidencia y sigue siendo un referente de lo que es Gobernar un pa\u00eds.<\/p>\n\n\n\n<p>Despu\u00e9s de Don Adolfo, hubo grandes opciones que representaron a la entidad en las grandes ligas como fue Jes\u00fas Reyes Heroles y Gustavo Carvajal Moreno\u2026 claro, y si me apuran, don Fernando Guti\u00e9rrez Barrios. A los tres veracruzanos, en el Altiplano, no les dieron opci\u00f3n\u2026<\/p>\n\n\n\n<p>A Roc\u00edo Nahle el Presidente la destap\u00f3 como opci\u00f3n pero opt\u00f3 por hacerse a un lado y dejarle paso a Claudia Sheinbaum\u2026 por eso la enfocaron a la Gubernatura. Ni siquiera compiti\u00f3 porque no se vio con los tama\u00f1os, le dio miedo, o quiz\u00e1s es m\u00e1s c\u00f3modo ser cola de le\u00f3n. Claro que tambi\u00e9n hay que ver las expectativas del Presidente\u2026<\/p>\n\n\n\n<p>La pregunta ser\u00eda: \u00bfHay veracruzanas o veracruzanos que puedan alzar la mano para competir en 2024 por la presidencia de la Rep\u00fablica? Yo digo que s\u00ed\u2026<\/p>\n\n\n\n<p>\u00bfA poco no le gustar\u00eda ver a un veracruzano en esas lides? Digo, somos una de las pocas entidades semejante a un pa\u00eds por todas las bondades que lo permean, desde lo geogr\u00e1fico, econ\u00f3mico, pol\u00edtico, electoral, desarrollo\u2026<\/p>\n\n\n\n<p>\u00a1Yucat\u00e1n ya est\u00e1 alzando la mano! \u00a1Tabasco ya est\u00e1 alzando la mano! \u00a1Nuevo Le\u00f3n igual! As\u00ed como Jalisco y la Ciudad de M\u00e9xico\u2026 \u00bfPor qu\u00e9 no Veracruz? \u00bfY con qui\u00e9n? Si hay un Veracruzano que conoce de pe a pa a M\u00e9xico, que su trayectoria y car\u00e1cter ya lo hab\u00eda posicionado como carta fuerte a nivel nacional, \u00e9ste sin duda es Dante Delgado\u2026<\/p>\n\n\n\n<p>Dante Delgado para Presidente\u2026 no lo s\u00e9, s\u00f3lo pi\u00e9nselo al lado de Claudia o Marcelo o Ad\u00e1n; de Lilly T\u00e9llez\u2026 de cualquier pri\u00edsta\u2026<\/p>\n\n\n\n<p>En una de \u00e9sas, Veracruz vuelve a la grandes ligas\u2026 ya nos hace falta\u2026<\/p>\n","protected":false},"excerpt":{"rendered":"<p>Los Pol\u00edticos Salvador Mu\u00f1oz A ojo de buen cubero, podr\u00edamos hablar de entre 7 y nueve suspirantes a la Gubernatura para este 2024 por parte de las distintas fuerzas pol\u00edticas\u2026 as\u00ed, claros, tenemos dos de Morena, con Nahle y Cheko, sin contar a dos o tres que se hacen de la boca chiquita; del PAN, [&hellip;]<\/p>\n","protected":false},"author":2476,"featured_media":387,"comment_status":"open","ping_status":"open","sticky":false,"template":"","format":"standard","meta":{"_jetpack_memberships_contains_paid_content":false,"footnotes":""},"categories":[11],"tags":[],"class_list":["post-37464","post","type-post","status-publish","format-standard","has-post-thumbnail","hentry","category-opinion"],"jetpack_featured_media_url":"https:\/\/encuentroinformativo.com.mx\/wp-content\/uploads\/2020\/03\/7CF8A22B-2764-47BE-8F7F-38FE9E5D6A2F.jpeg","jetpack_sharing_enabled":true,"jetpack_likes_enabled":true,"amp_enabled":true,"_links":{"self":[{"href":"https:\/\/encuentroinformativo.com.mx\/index.php?rest_route=\/wp\/v2\/posts\/37464","targetHints":{"allow":["GET"]}}],"collection":[{"href":"https:\/\/encuentroinformativo.com.mx\/index.php?rest_route=\/wp\/v2\/posts"}],"about":[{"href":"https:\/\/encuentroinformativo.com.mx\/index.php?rest_route=\/wp\/v2\/types\/post"}],"author":[{"embeddable":true,"href":"https:\/\/encuentroinformativo.com.mx\/index.php?rest_route=\/wp\/v2\/users\/2476"}],"replies":[{"embeddable":true,"href":"https:\/\/encuentroinformativo.com.mx\/index.php?rest_route=%2Fwp%2Fv2%2Fcomments&post=37464"}],"version-history":[{"count":1,"href":"https:\/\/encuentroinformativo.com.mx\/index.php?rest_route=\/wp\/v2\/posts\/37464\/revisions"}],"predecessor-version":[{"id":37465,"href":"https:\/\/encuentroinformativo.com.mx\/index.php?rest_route=\/wp\/v2\/posts\/37464\/revisions\/37465"}],"wp:featuredmedia":[{"embeddable":true,"href":"https:\/\/encuentroinformativo.com.mx\/index.php?rest_route=\/wp\/v2\/media\/387"}],"wp:attachment":[{"href":"https:\/\/encuentroinformativo.com.mx\/index.php?rest_route=%2Fwp%2Fv2%2Fmedia&parent=37464"}],"wp:term":[{"taxonomy":"category","embeddable":true,"href":"https:\/\/encuentroinformativo.com.mx\/index.php?rest_route=%2Fwp%2Fv2%2Fcategories&post=37464"},{"taxonomy":"post_tag","embeddable":true,"href":"https:\/\/encuentroinformativo.com.mx\/index.php?rest_route=%2Fwp%2Fv2%2Ftags&post=37464"}],"curies":[{"name":"wp","href":"https:\/\/api.w.org\/{rel}","templated":true}]}}