{"id":37469,"date":"2023-03-02T10:05:21","date_gmt":"2023-03-02T16:05:21","guid":{"rendered":"https:\/\/encuentroinformativo.com.mx\/?p=37469"},"modified":"2023-03-02T10:05:24","modified_gmt":"2023-03-02T16:05:24","slug":"hay-abuso-de-autoridad-de-ssp-al-detener-a-conductores-de-uber","status":"publish","type":"post","link":"https:\/\/encuentroinformativo.com.mx\/?p=37469","title":{"rendered":"HAY ABUSO DE AUTORIDAD DE SSP AL DETENER A CONDUCTORES DE UBER"},"content":{"rendered":"\n<p><strong>ColumnaSinNombre<br>@pablojair<\/strong><\/p>\n\n\n\n<ul class=\"wp-block-list\"><li>Que es m\u00e1s lo que debe la de Tamiahua.<\/li><li>Morena sigue encabezando gubernatura: Massive Caller<\/li><li>Que quedar\u00eda remediado basurero de Las Matas este a\u00f1o.<\/li><\/ul>\n\n\n\n<p>Dicen que andan reviviendo a Renato Tronco<br>\u00bfNeta quieren otro Chivo como el de Sayula?<br>\u2014Chopenjawer<\/p>\n\n\n\n<p>En entrevista radiof\u00f3nica para la conocida estaci\u00f3n &#8220;La Primer\u00edsima&#8221;, de San Andr\u00e9s Tuxtla, el reconocido abogado penalista Jorge Reyes Peralta, habl\u00f3 del caso de la plataforma digital \u00dcber y la prohibici\u00f3n que tiene en Veracruz para operar.<\/p>\n\n\n\n<p>Reyes Peralta fue enf\u00e1tico en que \u00dcber no es un servicio p\u00fablico de transporte; es un servicio privado, como una membres\u00eda, un club, y que finalmente est\u00e1 como en el limbo jur\u00eddico porque en realidad no hay legislaci\u00f3n al respecto.<\/p>\n\n\n\n<p>En su opini\u00f3n comenta que dicha aplicaci\u00f3n s\u00ed paga impuestos porque pasa por un proceso bancario, de transferencia de recursos.<\/p>\n\n\n\n<p>Pero donde fue m\u00e1s enf\u00e1tico es en lo referente al actuar de la polic\u00eda estatal de Veracruz al detener a los conductores que se atreven a conducir estas unidades.<\/p>\n\n\n\n<p>El prestigioso abogado tambi\u00e9n comenta que los conductores de \u00dcber pueden denunciar el abuso de autoridad contra la Secretar\u00eda de Seguridad P\u00fablica porque finalmente los operadores no est\u00e1n cometiendo un delito y la prueba est\u00e1 en que el juez de control finalmente no los vincula a proceso. No hay delito qu\u00e9 perseguir.<\/p>\n\n\n\n<p>Lo que s\u00ed existe es una parte perversa cuando los detienen usando el aparato del estado para que pierdan tiempo, dinero y se desanimen a participar en \u00dcber. Hasta 48 horas mantienen detenidos a los operadores\u2026 sin raz\u00f3n.<\/p>\n\n\n\n<p>De hecho, en la parte legal se sabe que existe un amparo para que Seguridad P\u00fablica conteste si Uber es transporte p\u00fablico y si debe estar regulado por el estado, y qu\u00e9 requisitos necesita para operar. Pero como el asunto no est\u00e1 legislado, hay una indefinici\u00f3n jur\u00eddica y se opta por la salida pol\u00edtica: la de sencillamente prohibir sin argumento legal.<\/p>\n\n\n\n<p>Reyes Peralta comenta que en junio de 2015 la Comisi\u00f3n Federal de Competencia Econ\u00f3mica dio una opini\u00f3n al respecto en el sentido de que se debe legislar en el tema de las plataformas y que sea bienvenida la competencia.<\/p>\n\n\n\n<p>A esto se suma un criterio de la Suprema Corte de Justicia de la Naci\u00f3n que determin\u00f3 que \u00dcber no es un servicio p\u00fablico de transporte, sino que es un servicio privado; que no requiere nada especial porque es l\u00edcito el trabajo; y si necesita regulaci\u00f3n, entonces el estado debe legislar al respecto.<\/p>\n\n\n\n<p>Es decir, el principal argumento que da la Direcci\u00f3n de Transporte P\u00fablico de Veracruz (la de \u201cTu servicio privado lucra, por lo tanto no puede dar servicio\u201d) no aplica.<\/p>\n\n\n\n<p>En resumen, no est\u00e1 prohibido, y hasta un juez de distrito (que ha llevado el caso de los operadores detenidos) ha pedido a la Direcci\u00f3n de Transporte P\u00fablico que justifique su argumento en la parte legal, tomando en cuenta el criterio de la SCJN.<\/p>\n\n\n\n<p>En realidad, seg\u00fan Reyes Peralta, \u00dcber es un trabajo l\u00edcito; una plataforma que opera en diversas partes del mundo; por lo mismo, la detenci\u00f3n de los operadores vulnera un derecho humano: el derecho al trabajo.<\/p>\n\n\n\n<p>El asunto es que pese a las miles de voces de usuarios (se pueden ver en los comentarios de redes sociales opinando sobre notas relacionadas a Uber y su conflicto con taxistas en Veracruz) que piden la entrada de esta plataforma, hasta ahora el \u00fanico impedimento ha sido una prohibici\u00f3n oficial bajo el argumento de que hay muchos taxis en Veracruz.<\/p>\n\n\n\n<p>S\u00ed, hay mucho taxi. Y s\u00ed, se regalaron placas como si fueran cacahuates, pero eso no deber\u00eda ser pretexto para permitir la competencia ni la entrada de otras opciones de transporte como ocurre en la Ciudad de M\u00e9xico, M\u00e9rida, entre otras ciudades.<\/p>\n\n\n\n<p>Y el fondo es eso: si se analiza el argumento, lo que en realidad se est\u00e1 prohibiendo es la competencia contra un mont\u00f3n de taxis que operan en Veracruz, a costa del usuario.<\/p>\n\n\n\n<p>Mire, no todos los taxis son malos. De hecho, me consta que algunos buscan mejorar sus unidades, pero la mayor\u00eda siguen siendo veh\u00edculos viejos como los Tsurus que est\u00e1n desde el gobierno de Miguel Alem\u00e1n Velasco; o sea, tienen m\u00e1s de 10 a\u00f1os operando y los dirigentes taxistas siempre han salido con la cantaleta de que van a mejorar sus unidades, lo cual no han hecho.<\/p>\n\n\n\n<p>La otra es que no quieren utilizar el servicio de transferencia de dinero o de aplicaci\u00f3n. Me han tocado casos muy espor\u00e1dicos de taxistas que permiten dep\u00f3sitos bancarios a sus cuentas personales. Hubo un intento de hacer una aplicaci\u00f3n propia en Xalapa, pero fracas\u00f3 porque los choferes sencillamente no quieren entrar a una plataforma digital.<\/p>\n\n\n\n<p>Pero esos son los taxistas y uno ya sabe c\u00f3mo son\u2026 Lo lamentable es el respaldo que se da a esos abusos, a ese servicio deficiente, el apoyar que no tengan competencia y que exista una cerraz\u00f3n tajante sin ni siquiera dar oportunidad a que opere \u00dcber en ciudades grandes como Xalapa o la zona conurbada de Veracruz.<\/p>\n\n\n\n<p>La verdad es de ingenuos creer que los taxistas van a renovar sus unidades; \u00bfusted cree que realmente van a invertir todos en un auto nuevo?<\/p>\n\n\n\n<p>Por lo pronto, los que est\u00e1n deteniendo a personas inocentes son los de Seguridad P\u00fablica y eso podr\u00eda convertirse en un problema mayor si los conductores deciden actuar contra la dependencia.<\/p>\n\n\n\n<p>Como dicen los columnistas picudos: al tiempo.<\/p>\n\n\n\n<p><strong>NOTA PARA PEGAR EN EL REFRI: <\/strong>Que no son 9 millones de pesos los que est\u00e1n en observaci\u00f3n en el Ayuntamiento de Tamiahua que fue presidido por Citlali Medell\u00edn; algunas fuentes de la zona refieren que ser\u00edan poco m\u00e1s de 21 millones en tres a\u00f1os.<\/p>\n\n\n\n<p><strong>NOTA EXTRA: <\/strong>Massive Caller sac\u00f3 su encuesta mensual sobre la gubernatura de Veracruz y nada ha cambiado: Morena sigue siendo el partido que tiene el m\u00e1s de 50% de las preferencias electorales; el PRIANRD apenas sobrepasa el 20; no se menciona al dantesco Movimiento Ciudadano y un 19% a\u00fan no sabe qu\u00e9 PDO.<\/p>\n\n\n\n<p><strong>LA \u00daLTIMA PORQUE HAY BUSCAR LUGAR \u201cFREJCO\u201d PA\u2019 DORMIR: <\/strong>Lo informa Versiones: \u201cEl titular de la Secretar\u00eda de Medio Ambiente, Juan Carlos Contreras Bautista, en conferencia de prensa, revel\u00f3 que la meta del gobernador Cuitl\u00e1huac Garc\u00eda Jim\u00e9nez es que este a\u00f1o quede saneado el basurero regional de Las Matas, que se ubica en Minatitl\u00e1n. Contreras Bautista recalc\u00f3 que durante 30 a\u00f1os, Las Matas ha sido un tiradero a cielo abierto en un humedal y genera escurrimientos de lixiviados diarios que van al agua, generando problemas de contaminaci\u00f3n y de salud. Destac\u00f3 que se tiene proyectado tener tres meses un relleno sanitario como el que se encuentra en Xalapa, y que tendr\u00eda una inversi\u00f3n de 200 millones de pesos. Dicho tiradero se ubica a las orillas de la carretera Minatitl\u00e1n-Coatzacoalcos, pasando por unos terrenos que pertenecen a Cosoleacaque, y concentra toda la basura de estos tres municipios\u201d\u2026 Por cierto, hace poco se supo que el ex alcalde de Xalapa, Hip\u00f3lito Rodr\u00edguez Herrero, ser\u00e1 quien coordine el saneamiento.<\/p>\n","protected":false},"excerpt":{"rendered":"<p>ColumnaSinNombre@pablojair Que es m\u00e1s lo que debe la de Tamiahua. Morena sigue encabezando gubernatura: Massive Caller Que quedar\u00eda remediado basurero de Las Matas este a\u00f1o. Dicen que andan reviviendo a Renato Tronco\u00bfNeta quieren otro Chivo como el de Sayula?\u2014Chopenjawer En entrevista radiof\u00f3nica para la conocida estaci\u00f3n &#8220;La Primer\u00edsima&#8221;, de San Andr\u00e9s Tuxtla, el reconocido abogado [&hellip;]<\/p>\n","protected":false},"author":2476,"featured_media":488,"comment_status":"open","ping_status":"open","sticky":false,"template":"","format":"standard","meta":{"_jetpack_memberships_contains_paid_content":false,"footnotes":""},"categories":[11],"tags":[],"class_list":["post-37469","post","type-post","status-publish","format-standard","has-post-thumbnail","hentry","category-opinion"],"jetpack_featured_media_url":"https:\/\/encuentroinformativo.com.mx\/wp-content\/uploads\/2020\/03\/F471F608-BA1A-416B-BA7B-BCFB24F4E6D0.jpeg","jetpack_sharing_enabled":true,"jetpack_likes_enabled":true,"amp_enabled":true,"_links":{"self":[{"href":"https:\/\/encuentroinformativo.com.mx\/index.php?rest_route=\/wp\/v2\/posts\/37469","targetHints":{"allow":["GET"]}}],"collection":[{"href":"https:\/\/encuentroinformativo.com.mx\/index.php?rest_route=\/wp\/v2\/posts"}],"about":[{"href":"https:\/\/encuentroinformativo.com.mx\/index.php?rest_route=\/wp\/v2\/types\/post"}],"author":[{"embeddable":true,"href":"https:\/\/encuentroinformativo.com.mx\/index.php?rest_route=\/wp\/v2\/users\/2476"}],"replies":[{"embeddable":true,"href":"https:\/\/encuentroinformativo.com.mx\/index.php?rest_route=%2Fwp%2Fv2%2Fcomments&post=37469"}],"version-history":[{"count":1,"href":"https:\/\/encuentroinformativo.com.mx\/index.php?rest_route=\/wp\/v2\/posts\/37469\/revisions"}],"predecessor-version":[{"id":37470,"href":"https:\/\/encuentroinformativo.com.mx\/index.php?rest_route=\/wp\/v2\/posts\/37469\/revisions\/37470"}],"wp:featuredmedia":[{"embeddable":true,"href":"https:\/\/encuentroinformativo.com.mx\/index.php?rest_route=\/wp\/v2\/media\/488"}],"wp:attachment":[{"href":"https:\/\/encuentroinformativo.com.mx\/index.php?rest_route=%2Fwp%2Fv2%2Fmedia&parent=37469"}],"wp:term":[{"taxonomy":"category","embeddable":true,"href":"https:\/\/encuentroinformativo.com.mx\/index.php?rest_route=%2Fwp%2Fv2%2Fcategories&post=37469"},{"taxonomy":"post_tag","embeddable":true,"href":"https:\/\/encuentroinformativo.com.mx\/index.php?rest_route=%2Fwp%2Fv2%2Ftags&post=37469"}],"curies":[{"name":"wp","href":"https:\/\/api.w.org\/{rel}","templated":true}]}}