{"id":37471,"date":"2023-03-02T11:57:40","date_gmt":"2023-03-02T17:57:40","guid":{"rendered":"https:\/\/encuentroinformativo.com.mx\/?p=37471"},"modified":"2023-03-02T11:57:43","modified_gmt":"2023-03-02T17:57:43","slug":"amagan-trabajadores-de-cmas-con-mantener-protestas","status":"publish","type":"post","link":"https:\/\/encuentroinformativo.com.mx\/?p=37471","title":{"rendered":"Amagan trabajadores de CMAS con mantener protestas"},"content":{"rendered":"\n<p><strong>Juan Arcos <\/strong><\/p>\n\n\n\n<p>Xalapa, Ver.- Trabajadores de la Comisi\u00f3n Municipal de Agua y Saneamiento de Xalapa (CMAS) continuar\u00e1n las protestas en esta ciudad capital, debido a que 41 de ellos no fueron recontratados y se quedaron sin empleo desde el primero de marzo.<\/p>\n\n\n\n<p>Los quejosos bloquearon durante unos minutos la calle Juan de la Luz Enr\u00edquez, frente a Palacio de Gobierno, para exigir la intervenci\u00f3n de autoridades estatales en la soluci\u00f3n del conflicto.<\/p>\n\n\n\n<p>Efra\u00edn Romero Pastoresa, representante legal de los afectados, record\u00f3 que el a\u00f1o pasado se iniciaron juicios, donde los trabajadores eventuales con una antig\u00fcedad de entre cinco y 17 a\u00f1os, exig\u00edan su basificaci\u00f3n; sin embargo, como un acto represivo, las autoridades de CMAS impidieron su recontrataci\u00f3n.<\/p>\n\n\n\n<p>A ra\u00edz de estos hechos, los empleados iniciaron manifestaciones en las oficinas de CMAS, ubicadas sobre la avenida Miguel Alem\u00e1n. Ayer mi\u00e9rcoles marcharon hacia Palacio de Gobierno y este jueves protestaron nuevamente en el centro de la ciudad.<\/p>\n\n\n\n<p>El entrevistado indic\u00f3 que una comitiva fue recibida por el alcalde Ricardo Ahued Bardahuil donde cotejaron su \u00faltimo contrato con los anteriores y detectaron anomal\u00edas.<\/p>\n\n\n\n<p>\u201cSe pudo determinar que hay tres cl\u00e1usulas insertas que no estaban previstas en los contratos anteriores. Pidi\u00f3 que se anularan (Presidente Municipal) y a partir del d\u00eda de hoy, con motivo de la pl\u00e1tica de ayer, se est\u00e1n firmando para todos los eventuales que no est\u00e1n en juicio\u201d, expres\u00f3 el abogado.<\/p>\n\n\n\n<p>Sin embargo, los 41 trabajadores que est\u00e1n en juicio y tienen audiencia el pr\u00f3ximo 30 de marzo en el Tribunal Estatal de Conciliaci\u00f3n y Arbitraje no ser\u00e1n recontratados.<\/p>\n\n\n\n<p>\u201cLas cl\u00e1usulas fueron eliminadas y establec\u00edan que al t\u00e9rmino de la contrataci\u00f3n de 21 d\u00edas el trabajador ya no ten\u00eda ning\u00fan v\u00ednculo laboral con la empresa y que el organismo los pod\u00eda cesar de manera autom\u00e1tica\u201d, indic\u00f3 Efra\u00edn Romero.<br>Ellos laboraban en distintas \u00e1reas como peones, secretarias, auxiliares de administraci\u00f3n y ayudantes de fontaner\u00eda, por mencionar algunos.<\/p>\n","protected":false},"excerpt":{"rendered":"<p>Juan Arcos Xalapa, Ver.- Trabajadores de la Comisi\u00f3n Municipal de Agua y Saneamiento de Xalapa (CMAS) continuar\u00e1n las protestas en esta ciudad capital, debido a que 41 de ellos no fueron recontratados y se quedaron sin empleo desde el primero de marzo. Los quejosos bloquearon durante unos minutos la calle Juan de la Luz Enr\u00edquez, [&hellip;]<\/p>\n","protected":false},"author":2476,"featured_media":37472,"comment_status":"open","ping_status":"open","sticky":false,"template":"","format":"standard","meta":{"_jetpack_memberships_contains_paid_content":false,"footnotes":""},"categories":[3],"tags":[],"class_list":["post-37471","post","type-post","status-publish","format-standard","has-post-thumbnail","hentry","category-xalapa"],"jetpack_featured_media_url":"https:\/\/encuentroinformativo.com.mx\/wp-content\/uploads\/2023\/03\/IMG-20230302-WA0029.jpg","jetpack_sharing_enabled":true,"jetpack_likes_enabled":true,"amp_enabled":true,"_links":{"self":[{"href":"https:\/\/encuentroinformativo.com.mx\/index.php?rest_route=\/wp\/v2\/posts\/37471","targetHints":{"allow":["GET"]}}],"collection":[{"href":"https:\/\/encuentroinformativo.com.mx\/index.php?rest_route=\/wp\/v2\/posts"}],"about":[{"href":"https:\/\/encuentroinformativo.com.mx\/index.php?rest_route=\/wp\/v2\/types\/post"}],"author":[{"embeddable":true,"href":"https:\/\/encuentroinformativo.com.mx\/index.php?rest_route=\/wp\/v2\/users\/2476"}],"replies":[{"embeddable":true,"href":"https:\/\/encuentroinformativo.com.mx\/index.php?rest_route=%2Fwp%2Fv2%2Fcomments&post=37471"}],"version-history":[{"count":1,"href":"https:\/\/encuentroinformativo.com.mx\/index.php?rest_route=\/wp\/v2\/posts\/37471\/revisions"}],"predecessor-version":[{"id":37473,"href":"https:\/\/encuentroinformativo.com.mx\/index.php?rest_route=\/wp\/v2\/posts\/37471\/revisions\/37473"}],"wp:featuredmedia":[{"embeddable":true,"href":"https:\/\/encuentroinformativo.com.mx\/index.php?rest_route=\/wp\/v2\/media\/37472"}],"wp:attachment":[{"href":"https:\/\/encuentroinformativo.com.mx\/index.php?rest_route=%2Fwp%2Fv2%2Fmedia&parent=37471"}],"wp:term":[{"taxonomy":"category","embeddable":true,"href":"https:\/\/encuentroinformativo.com.mx\/index.php?rest_route=%2Fwp%2Fv2%2Fcategories&post=37471"},{"taxonomy":"post_tag","embeddable":true,"href":"https:\/\/encuentroinformativo.com.mx\/index.php?rest_route=%2Fwp%2Fv2%2Ftags&post=37471"}],"curies":[{"name":"wp","href":"https:\/\/api.w.org\/{rel}","templated":true}]}}