{"id":37487,"date":"2023-03-02T14:10:15","date_gmt":"2023-03-02T20:10:15","guid":{"rendered":"https:\/\/encuentroinformativo.com.mx\/?p=37487"},"modified":"2023-03-02T14:10:19","modified_gmt":"2023-03-02T20:10:19","slug":"esperan-estiaje-severo-en-banderilla-reconoce-alcalde","status":"publish","type":"post","link":"https:\/\/encuentroinformativo.com.mx\/?p=37487","title":{"rendered":"Esperan estiaje severo en Banderilla, reconoce Alcalde"},"content":{"rendered":"\n<p><strong>Dar\u00edo Pale <\/strong><\/p>\n\n\n\n<p>Xalapa, Ver.- Este a\u00f1o habr\u00e1 severa crisis de agua para habitantes de Banderilla, as\u00ed lo inform\u00f3 el presidente municipal David Sangabriel Bonilla, advirti\u00f3 que este a\u00f1o se espera un estiaje todav\u00eda peor que el del a\u00f1o pasado, por ello, incluso desde enero comenzaron los tandeos.<\/p>\n\n\n\n<p>En entrevista dio a conocer que de marzo a mayo, prev\u00e9n que sea todav\u00eda m\u00e1s fuerte para los m\u00e1s de 28 mil habitantes, se\u00f1al\u00f3 que para que todos los habitantes tengan el vital l\u00edquido necesitan 72 litros por segundo.<\/p>\n\n\n\n<p>Destac\u00f3 que el cien por ciento de los m\u00e1s de 7 mil usuarios se ven afectado por la falta \u00a0de agua, aunque hay algunas zonas que se ven m\u00e1s afectadas, en las partes altas.<\/p>\n\n\n\n<p>Dio a conocer que el a\u00f1o pasado fue &#8220;hist\u00f3rico&#8221; por la escasez y aclar\u00f3 que no es verdad que est\u00e9n buscando traer agua de fuentes subterr\u00e1neas.<\/p>\n\n\n\n<p>El edil inform\u00f3 que este a\u00f1o comenzar\u00e1n a trabajar en un c\u00e1rcamo de bombeo de unas 40 o 50 pipas para poder abastecer por red de agua y no de tinaqueo.<\/p>\n\n\n\n<p>Sangabriel Bonilla resalt\u00f3 que durante el estiaje apoyan con pipas a los ciudadanos, ah\u00ed reconoci\u00f3 que el a\u00f1o pasado hubo pipas &#8220;clandestinas&#8221;.<\/p>\n\n\n\n<p>&#8220;Sabemos que eso lamentablemente se da, nosotros somos organismo paramunicipal y debemos apegarnos a una normatividad, nosotros no podemos contratar piperos que no tengan anuencia de Conagua para traer el agua&#8221;, se\u00f1al\u00f3.<\/p>\n\n\n\n<p>Finalmente dio a conocer que &#8220;el agua que traemos viene de El Castillo, de un nacimiento sanos, limpios y que nos abastecen&#8221;.<\/p>\n","protected":false},"excerpt":{"rendered":"<p>Dar\u00edo Pale Xalapa, Ver.- Este a\u00f1o habr\u00e1 severa crisis de agua para habitantes de Banderilla, as\u00ed lo inform\u00f3 el presidente municipal David Sangabriel Bonilla, advirti\u00f3 que este a\u00f1o se espera un estiaje todav\u00eda peor que el del a\u00f1o pasado, por ello, incluso desde enero comenzaron los tandeos. En entrevista dio a conocer que de marzo [&hellip;]<\/p>\n","protected":false},"author":2476,"featured_media":37488,"comment_status":"open","ping_status":"open","sticky":false,"template":"","format":"standard","meta":{"_jetpack_memberships_contains_paid_content":false,"footnotes":""},"categories":[8],"tags":[],"class_list":["post-37487","post","type-post","status-publish","format-standard","has-post-thumbnail","hentry","category-region"],"jetpack_featured_media_url":"https:\/\/encuentroinformativo.com.mx\/wp-content\/uploads\/2023\/03\/IMG-20230302-WA0046.jpg","jetpack_sharing_enabled":true,"jetpack_likes_enabled":true,"amp_enabled":true,"_links":{"self":[{"href":"https:\/\/encuentroinformativo.com.mx\/index.php?rest_route=\/wp\/v2\/posts\/37487","targetHints":{"allow":["GET"]}}],"collection":[{"href":"https:\/\/encuentroinformativo.com.mx\/index.php?rest_route=\/wp\/v2\/posts"}],"about":[{"href":"https:\/\/encuentroinformativo.com.mx\/index.php?rest_route=\/wp\/v2\/types\/post"}],"author":[{"embeddable":true,"href":"https:\/\/encuentroinformativo.com.mx\/index.php?rest_route=\/wp\/v2\/users\/2476"}],"replies":[{"embeddable":true,"href":"https:\/\/encuentroinformativo.com.mx\/index.php?rest_route=%2Fwp%2Fv2%2Fcomments&post=37487"}],"version-history":[{"count":1,"href":"https:\/\/encuentroinformativo.com.mx\/index.php?rest_route=\/wp\/v2\/posts\/37487\/revisions"}],"predecessor-version":[{"id":37489,"href":"https:\/\/encuentroinformativo.com.mx\/index.php?rest_route=\/wp\/v2\/posts\/37487\/revisions\/37489"}],"wp:featuredmedia":[{"embeddable":true,"href":"https:\/\/encuentroinformativo.com.mx\/index.php?rest_route=\/wp\/v2\/media\/37488"}],"wp:attachment":[{"href":"https:\/\/encuentroinformativo.com.mx\/index.php?rest_route=%2Fwp%2Fv2%2Fmedia&parent=37487"}],"wp:term":[{"taxonomy":"category","embeddable":true,"href":"https:\/\/encuentroinformativo.com.mx\/index.php?rest_route=%2Fwp%2Fv2%2Fcategories&post=37487"},{"taxonomy":"post_tag","embeddable":true,"href":"https:\/\/encuentroinformativo.com.mx\/index.php?rest_route=%2Fwp%2Fv2%2Ftags&post=37487"}],"curies":[{"name":"wp","href":"https:\/\/api.w.org\/{rel}","templated":true}]}}