{"id":37499,"date":"2023-03-02T21:06:24","date_gmt":"2023-03-03T03:06:24","guid":{"rendered":"https:\/\/encuentroinformativo.com.mx\/?p=37499"},"modified":"2023-03-02T21:06:28","modified_gmt":"2023-03-03T03:06:28","slug":"inauguran-memorial-de-personas-desaparecidas","status":"publish","type":"post","link":"https:\/\/encuentroinformativo.com.mx\/?p=37499","title":{"rendered":"Inauguran Memorial de Personas Desaparecidas"},"content":{"rendered":"\n<p><strong>Juan Arcos <\/strong><\/p>\n\n\n\n<p>Xalapa, Ver.- Integrantes del Colectivo Familiares Enlaces Xalapa inauguraron el \u201cMemorial para nuestras personas desaparecidas\u201d en esta ciudad de Xalapa, con 60 fotograf\u00edas de personas que contin\u00faan extraviadas en el estado de Veracruz.<\/p>\n\n\n\n<p>Se trata de una estructura met\u00e1lica en forma de puente, color rojo, que fue construida sobre la glorieta de las avenidas Orizaba y Xalapa, que forma parte del parque \u201cRafael Hern\u00e1ndez Ochoa\u201d, de la colonia Obrero Campesina.<\/p>\n\n\n\n<p>La tarde de este jueves, Victoria Delgadillo Romero, integrante del colectivo mencionado, detall\u00f3 que el memorial representa el proceso de una desaparici\u00f3n, la b\u00fasqueda y las dificultades burocr\u00e1ticas a las que se enfrentan las familias.<\/p>\n\n\n\n<p>Enfatiz\u00f3 que fue construido con fortaleza en sus bases para soportar el peso de un problema nacional tan grave, como lo son las desapariciones.<\/p>\n\n\n\n<p>Tambi\u00e9n indic\u00f3 que las escaleras simbolizan el peregrinar de las familias, que se topan con todo el sistema burocr\u00e1tico que merma la b\u00fasqueda por parte de las instituciones.<\/p>\n\n\n\n<p>Victoria busca a su hija Yunery Citlally Hern\u00e1ndez Delgadillo, desaparecida desde noviembre de 2011, junto con otras j\u00f3venes que hab\u00edan sido invitadas a un evento y nunca volvieron.<\/p>\n\n\n\n<p>Delgadillo Romero indic\u00f3 que la culminaci\u00f3n de la obra del memorial fue posible gracias a las tres ultimas administraciones municipales.<\/p>\n\n\n\n<p>El memorial fue planeado desde hace seis a\u00f1os y con dificultades fue inaugurado este jueves 2 de marzo, pese a que los trabajos se suspendieron por la pandemia del Sars-Cov2 (Covid-19).<\/p>\n\n\n\n<figure class=\"wp-block-image size-large\"><img loading=\"lazy\" decoding=\"async\" width=\"1024\" height=\"683\" src=\"https:\/\/encuentroinformativo.com.mx\/wp-content\/uploads\/2023\/03\/Photo_1677812023595-1024x683.jpg\" alt=\"\" class=\"wp-image-37501\" srcset=\"https:\/\/encuentroinformativo.com.mx\/wp-content\/uploads\/2023\/03\/Photo_1677812023595-1024x683.jpg 1024w, https:\/\/encuentroinformativo.com.mx\/wp-content\/uploads\/2023\/03\/Photo_1677812023595-300x200.jpg 300w, https:\/\/encuentroinformativo.com.mx\/wp-content\/uploads\/2023\/03\/Photo_1677812023595-768x512.jpg 768w, https:\/\/encuentroinformativo.com.mx\/wp-content\/uploads\/2023\/03\/Photo_1677812023595-1536x1024.jpg 1536w, https:\/\/encuentroinformativo.com.mx\/wp-content\/uploads\/2023\/03\/Photo_1677812023595.jpg 1968w\" sizes=\"auto, (max-width: 1024px) 100vw, 1024px\" \/><\/figure>\n\n\n\n<figure class=\"wp-block-image size-large\"><img loading=\"lazy\" decoding=\"async\" width=\"1024\" height=\"683\" src=\"https:\/\/encuentroinformativo.com.mx\/wp-content\/uploads\/2023\/03\/Photo_1677812064473-1024x683.jpg\" alt=\"\" class=\"wp-image-37502\" srcset=\"https:\/\/encuentroinformativo.com.mx\/wp-content\/uploads\/2023\/03\/Photo_1677812064473-1024x683.jpg 1024w, https:\/\/encuentroinformativo.com.mx\/wp-content\/uploads\/2023\/03\/Photo_1677812064473-300x200.jpg 300w, https:\/\/encuentroinformativo.com.mx\/wp-content\/uploads\/2023\/03\/Photo_1677812064473-768x512.jpg 768w, https:\/\/encuentroinformativo.com.mx\/wp-content\/uploads\/2023\/03\/Photo_1677812064473-1536x1024.jpg 1536w, https:\/\/encuentroinformativo.com.mx\/wp-content\/uploads\/2023\/03\/Photo_1677812064473.jpg 1968w\" sizes=\"auto, (max-width: 1024px) 100vw, 1024px\" \/><\/figure>\n","protected":false},"excerpt":{"rendered":"<p>Juan Arcos Xalapa, Ver.- Integrantes del Colectivo Familiares Enlaces Xalapa inauguraron el \u201cMemorial para nuestras personas desaparecidas\u201d en esta ciudad de Xalapa, con 60 fotograf\u00edas de personas que contin\u00faan extraviadas en el estado de Veracruz. Se trata de una estructura met\u00e1lica en forma de puente, color rojo, que fue construida sobre la glorieta de las [&hellip;]<\/p>\n","protected":false},"author":2476,"featured_media":37500,"comment_status":"open","ping_status":"open","sticky":false,"template":"","format":"standard","meta":{"_jetpack_memberships_contains_paid_content":false,"footnotes":""},"categories":[3],"tags":[],"class_list":["post-37499","post","type-post","status-publish","format-standard","has-post-thumbnail","hentry","category-xalapa"],"jetpack_featured_media_url":"https:\/\/encuentroinformativo.com.mx\/wp-content\/uploads\/2023\/03\/Photo_1677811986400.jpg","jetpack_sharing_enabled":true,"jetpack_likes_enabled":true,"amp_enabled":true,"_links":{"self":[{"href":"https:\/\/encuentroinformativo.com.mx\/index.php?rest_route=\/wp\/v2\/posts\/37499","targetHints":{"allow":["GET"]}}],"collection":[{"href":"https:\/\/encuentroinformativo.com.mx\/index.php?rest_route=\/wp\/v2\/posts"}],"about":[{"href":"https:\/\/encuentroinformativo.com.mx\/index.php?rest_route=\/wp\/v2\/types\/post"}],"author":[{"embeddable":true,"href":"https:\/\/encuentroinformativo.com.mx\/index.php?rest_route=\/wp\/v2\/users\/2476"}],"replies":[{"embeddable":true,"href":"https:\/\/encuentroinformativo.com.mx\/index.php?rest_route=%2Fwp%2Fv2%2Fcomments&post=37499"}],"version-history":[{"count":1,"href":"https:\/\/encuentroinformativo.com.mx\/index.php?rest_route=\/wp\/v2\/posts\/37499\/revisions"}],"predecessor-version":[{"id":37503,"href":"https:\/\/encuentroinformativo.com.mx\/index.php?rest_route=\/wp\/v2\/posts\/37499\/revisions\/37503"}],"wp:featuredmedia":[{"embeddable":true,"href":"https:\/\/encuentroinformativo.com.mx\/index.php?rest_route=\/wp\/v2\/media\/37500"}],"wp:attachment":[{"href":"https:\/\/encuentroinformativo.com.mx\/index.php?rest_route=%2Fwp%2Fv2%2Fmedia&parent=37499"}],"wp:term":[{"taxonomy":"category","embeddable":true,"href":"https:\/\/encuentroinformativo.com.mx\/index.php?rest_route=%2Fwp%2Fv2%2Fcategories&post=37499"},{"taxonomy":"post_tag","embeddable":true,"href":"https:\/\/encuentroinformativo.com.mx\/index.php?rest_route=%2Fwp%2Fv2%2Ftags&post=37499"}],"curies":[{"name":"wp","href":"https:\/\/api.w.org\/{rel}","templated":true}]}}