{"id":37514,"date":"2023-03-03T11:29:55","date_gmt":"2023-03-03T17:29:55","guid":{"rendered":"https:\/\/encuentroinformativo.com.mx\/?p=37514"},"modified":"2023-03-03T11:29:59","modified_gmt":"2023-03-03T17:29:59","slug":"se-instalan-expositores-de-cafe-en-el-parque-juarez","status":"publish","type":"post","link":"https:\/\/encuentroinformativo.com.mx\/?p=37514","title":{"rendered":"Se instalan expositores de caf\u00e9 en el parque Ju\u00e1rez"},"content":{"rendered":"\n<p><strong>Israel Garc\u00eda <\/strong><\/p>\n\n\n\n<p>Xalapa, Ver.- Como parte de las actividades que se desarrollar\u00e1n con la expo Xalapa, Caf\u00e9 y Aroma, ya se observan expositores que participan en el parque Ju\u00e1rez.<\/p>\n\n\n\n<p>De acuerdo a las autoridades se espera la participaci\u00f3n de al menos 40 expositores en el parque Ju\u00e1rez los d\u00edas 3, 4 y 5 de marzo de las 10:00 a 20:00 horas.<\/p>\n\n\n\n<p>Para que toda la ciudadan\u00eda pase a la exposici\u00f3n venta, degustaci\u00f3n, oferta de productos de caf\u00e9 y sus derivados.<\/p>\n\n\n\n<figure class=\"wp-block-image size-large\"><img loading=\"lazy\" decoding=\"async\" width=\"1024\" height=\"768\" src=\"https:\/\/encuentroinformativo.com.mx\/wp-content\/uploads\/2023\/03\/Photo_1677864429260-1024x768.jpg\" alt=\"\" class=\"wp-image-37516\" srcset=\"https:\/\/encuentroinformativo.com.mx\/wp-content\/uploads\/2023\/03\/Photo_1677864429260-1024x768.jpg 1024w, https:\/\/encuentroinformativo.com.mx\/wp-content\/uploads\/2023\/03\/Photo_1677864429260-300x225.jpg 300w, https:\/\/encuentroinformativo.com.mx\/wp-content\/uploads\/2023\/03\/Photo_1677864429260-768x576.jpg 768w, https:\/\/encuentroinformativo.com.mx\/wp-content\/uploads\/2023\/03\/Photo_1677864429260.jpg 1040w\" sizes=\"auto, (max-width: 1024px) 100vw, 1024px\" \/><\/figure>\n\n\n\n<p><\/p>\n\n\n\n<p><\/p>\n","protected":false},"excerpt":{"rendered":"<p>Israel Garc\u00eda Xalapa, Ver.- Como parte de las actividades que se desarrollar\u00e1n con la expo Xalapa, Caf\u00e9 y Aroma, ya se observan expositores que participan en el parque Ju\u00e1rez. De acuerdo a las autoridades se espera la participaci\u00f3n de al menos 40 expositores en el parque Ju\u00e1rez los d\u00edas 3, 4 y 5 de marzo [&hellip;]<\/p>\n","protected":false},"author":2476,"featured_media":37515,"comment_status":"open","ping_status":"open","sticky":false,"template":"","format":"standard","meta":{"_jetpack_memberships_contains_paid_content":false,"footnotes":""},"categories":[3],"tags":[],"class_list":["post-37514","post","type-post","status-publish","format-standard","has-post-thumbnail","hentry","category-xalapa"],"jetpack_featured_media_url":"https:\/\/encuentroinformativo.com.mx\/wp-content\/uploads\/2023\/03\/Photo_1677863908196.jpg","jetpack_sharing_enabled":true,"jetpack_likes_enabled":true,"amp_enabled":true,"_links":{"self":[{"href":"https:\/\/encuentroinformativo.com.mx\/index.php?rest_route=\/wp\/v2\/posts\/37514","targetHints":{"allow":["GET"]}}],"collection":[{"href":"https:\/\/encuentroinformativo.com.mx\/index.php?rest_route=\/wp\/v2\/posts"}],"about":[{"href":"https:\/\/encuentroinformativo.com.mx\/index.php?rest_route=\/wp\/v2\/types\/post"}],"author":[{"embeddable":true,"href":"https:\/\/encuentroinformativo.com.mx\/index.php?rest_route=\/wp\/v2\/users\/2476"}],"replies":[{"embeddable":true,"href":"https:\/\/encuentroinformativo.com.mx\/index.php?rest_route=%2Fwp%2Fv2%2Fcomments&post=37514"}],"version-history":[{"count":1,"href":"https:\/\/encuentroinformativo.com.mx\/index.php?rest_route=\/wp\/v2\/posts\/37514\/revisions"}],"predecessor-version":[{"id":37517,"href":"https:\/\/encuentroinformativo.com.mx\/index.php?rest_route=\/wp\/v2\/posts\/37514\/revisions\/37517"}],"wp:featuredmedia":[{"embeddable":true,"href":"https:\/\/encuentroinformativo.com.mx\/index.php?rest_route=\/wp\/v2\/media\/37515"}],"wp:attachment":[{"href":"https:\/\/encuentroinformativo.com.mx\/index.php?rest_route=%2Fwp%2Fv2%2Fmedia&parent=37514"}],"wp:term":[{"taxonomy":"category","embeddable":true,"href":"https:\/\/encuentroinformativo.com.mx\/index.php?rest_route=%2Fwp%2Fv2%2Fcategories&post=37514"},{"taxonomy":"post_tag","embeddable":true,"href":"https:\/\/encuentroinformativo.com.mx\/index.php?rest_route=%2Fwp%2Fv2%2Ftags&post=37514"}],"curies":[{"name":"wp","href":"https:\/\/api.w.org\/{rel}","templated":true}]}}