{"id":37518,"date":"2023-03-03T11:58:03","date_gmt":"2023-03-03T17:58:03","guid":{"rendered":"https:\/\/encuentroinformativo.com.mx\/?p=37518"},"modified":"2023-03-03T11:58:07","modified_gmt":"2023-03-03T17:58:07","slug":"autoridades-minimizan-casos-de-feminicidios-acusa-colectiva-sobrevivientes","status":"publish","type":"post","link":"https:\/\/encuentroinformativo.com.mx\/?p=37518","title":{"rendered":"Autoridades minimizan casos de feminicidios, acusa Colectiva Sobrevivientes"},"content":{"rendered":"\n<p><strong>Dar\u00edo Pale <\/strong><\/p>\n\n\n\n<p>Xalapa, Ver.- Ana Valderrama, integrante de la Colectiva &#8220;Sobrevivientes de Feminicidios&#8221; de Xalapa indic\u00f3 que la autoridades (FGE), minimizan los casos y el tipo penal lo ponen como violencia familiar, acoso, lesiones leves, por lo que dejaron de ser v\u00edctimas de violencia institucional para ser v\u00edctimas de tortura institucional.<\/p>\n\n\n\n<p>En conferencia de prensa dieron a conocer que, en los \u00faltimos ocho a\u00f1os se registraron en M\u00e9xico 1.7 millones de ataques violentos contra mujeres.<\/p>\n\n\n\n<p>Explic\u00f3 que los tratos de las autoridades, sobre todo de la Fiscal\u00eda General del Estado de \u00e9ste y de la mayor\u00eda de las entidades del pa\u00eds, \u00a0son inhumanos, degradantes, repetitivos y humillantes, por lo que lament\u00f3 -junto con Alicia Medea Herrer\u00edas y Jimena Vio Salinas-, que las agresiones contra las mujeres y los feminicidios sigan a la alza.<\/p>\n\n\n\n<p>&#8220;El feminicidio en grado de tentativa es una cuesti\u00f3n que sucede en todo el pa\u00eds. La Colectiva hace dos cosas muy puntuales, acompa\u00f1arnos en nuestros procesos de sanaci\u00f3n y acompa\u00f1arnos en el camino de acceso a la justicia&#8221;, se\u00f1al\u00f3.<\/p>\n\n\n\n<p>En ese sentido, dijo que la justicia no est\u00e1 en los pasillos de la legalidad, porque es super dif\u00edcil conseguirla, expuso que m\u00e1s all\u00e1 de las agresiones f\u00edsicas tienen secuelas, pues dura toda la vida.<\/p>\n\n\n\n<p>Adem\u00e1s, las autoridades se niegan a nombrarlas, siguen llamando a los feminicidios cr\u00edmenes pasionales, cuando eso se usaba en los a\u00f1os 90s.<\/p>\n\n\n\n<p>&#8220;De pasionales no tienen nada, es un tipo penal que se llama feminicidio y feminicidio en grado de tentativa. En M\u00e9xico todo delito tiene su tentativa por la intencionalidad de cometerlo. Lo sentimos muy omiso, simulador. En las instituciones nos dan tratos que llamamos tortura institucional, no violencia institucional, tortura institucional porque sus tratos son inhumanos, degradantes, repetitivos y humillantes&#8221;, se\u00f1al\u00f3.<\/p>\n\n\n\n<p>Detall\u00f3 que de las 35 que forman parte del Colectivo, en un solo caso ha habido sentencia, muchas llevan esperando justicia hasta 15 a\u00f1os.<\/p>\n\n\n\n<p>En ese contexto, se\u00f1al\u00f3 que de acuerdo con la investigaci\u00f3n \u00a0de la periodista Gloria Pi\u00f1a, en los \u00faltimos ocho a\u00f1os se registraron en M\u00e9xico 1.7 millones de ataques violentos contra mujeres, de los cuales s\u00f3lo 781 fueron a juicio como intento o tentativa de feminicidio, representando el 0.04%. El resto fue clasificado como lesi\u00f3n dolosa o violencia familiar.\u00a0<\/p>\n\n\n\n<p>Adem\u00e1s, acot\u00f3 que de acuerdo con la misma autora, el panorama de intentos de feminicidio se increment\u00f3 dr\u00e1sticamente durante la pandemia por COVID-19 .\u00a0<\/p>\n\n\n\n<p>De enero de 2020 a marzo de 2022, se abrieron 1426 carpetas de investigaci\u00f3n por el delito de tentativa de feminicidio, mostrando \u00a0una tendencia superior a lo registrado en los \u00faltimos ocho a\u00f1os.\u00a0<\/p>\n\n\n\n<p>&#8220;A pesar de que en los \u00faltimos a\u00f1os se han privilegiado estrategias para atender feminicidios y muertes violentas de mujeres, contempladas las medidas de prevenci\u00f3n, no se consideran relevantes los casos de feminicidios en grado de tentativa&#8221;, acus\u00f3.<\/p>\n\n\n\n<p>Al respecto, manifest\u00f3 que las sobrevivientes sobreviven a dos formas de violencia: \u00a0la primera, la del atentado de su agresor, la segunda, la que ejerce el Estado contra ellas en cuanto a sus accionen y omisiones, o lo que ellas llaman \u201ctortura institucional\u201d cuando buscan justicia.\u00a0<\/p>\n\n\n\n<p>&#8220;Las sobrevivientes de un feminicidio hemos sido olvidadas por la justicia, invisibles nuestros casos en carpetas, clasificados en categor\u00edas de delitos menores, tales como \u201clesiones dolosas\u201d o \u201cviolencia familiar\u201d. El mensaje err\u00f3neo que difunde el Estado permea en los medios de comunicaci\u00f3n, y por ende en la sociedad misma&#8221;, dijo en conferencia\u00a0<\/p>\n\n\n\n<p>Adem\u00e1s, dijeron que las sobrevivientes no s\u00f3lo no cuentan en las cifras, sino que adem\u00e1s sus historias no son contadas, y ni figuran en el radar cuando se habla de \u00a0violencia feminicida.<\/p>\n\n\n\n<p>La Colectiva de Sobrevivientes de Feminicidio fue fundada hace m\u00e1s de tres a\u00f1o y hoy la integran \u00a0mas de \u00a035 mujeres que radican en distintas zonas de la rep\u00fablica mexicana.<\/p>\n\n\n\n<p>&#8220;Nadie nos cuenta a las sobrevivientes, nadie sabe cu\u00e1ntas mujeres sobrevivimos a una tentativa de feminicidio cada d\u00eda. Por ello \u00a0hoy nos atrevemos a so\u00f1ar con un libro que d\u00e9 soporte a nuestras memorias, y que nuestras voces por fin sean escuchadas a trav\u00e9s de historias escritas por nosotras. So\u00f1amos a lo grande con este \u00a0libro \u00a0proyectando \u00a0un tiraje de \u00a0al menos 5 mil ejemplares que sea presentado diversos espacios&#8221;, inform\u00f3.<\/p>\n\n\n\n<p>Por ello, dijeron que con la donaci\u00f3n de la gente, ser\u00e1 parte de \u00a0este gran sue\u00f1o. Cada donativo suma de manera concreta para activar la cadena de producci\u00f3n de este libro.<\/p>\n\n\n\n<p>&#8220;Estamos muy emocionadas de contar contigo. De que este libro abone al cambio social que tanto nos urge, y as\u00ed sumemos a la erradicaci\u00f3n de todas las violencias hacia las mujeres. Las sobrevivientes tambi\u00e9n contamos y vivimos para contarlo.\u00a0Hagamos un libro que cuente, y contamos comtigo para contarlo<a rel=\"noreferrer noopener\" href=\"https:\/\/hipgive.org\/es\/campaign\/gomujeres2023\/las_sobrevivientes_contamos_y_contamos_contigo_para_contarlo\" target=\"_blank\">https:\/\/hipgive.org\/es\/campaign\/gomujeres2023\/las_sobrevivientes_contamos_y_contamos_contigo_para_contarlo<\/a>&#8220;.<\/p>\n\n\n\n<p>&#8220;Queremos apostarle a la vida, estamos cansadas del terror, de estar en la sobrevivencia y 2023 es un a\u00f1o donde queremos hacer nuestra primera campa\u00f1a de recaudaci\u00f3n de fondos para un libro escrito e ilustrado por nosotras, expresamos este dolor y sentir a trav\u00e9s de muchas manifestaciones&#8221;, finaliz\u00f3.<\/p>\n","protected":false},"excerpt":{"rendered":"<p>Dar\u00edo Pale Xalapa, Ver.- Ana Valderrama, integrante de la Colectiva &#8220;Sobrevivientes de Feminicidios&#8221; de Xalapa indic\u00f3 que la autoridades (FGE), minimizan los casos y el tipo penal lo ponen como violencia familiar, acoso, lesiones leves, por lo que dejaron de ser v\u00edctimas de violencia institucional para ser v\u00edctimas de tortura institucional. En conferencia de prensa [&hellip;]<\/p>\n","protected":false},"author":2476,"featured_media":37519,"comment_status":"open","ping_status":"open","sticky":false,"template":"","format":"standard","meta":{"_jetpack_memberships_contains_paid_content":false,"footnotes":""},"categories":[2],"tags":[],"class_list":["post-37518","post","type-post","status-publish","format-standard","has-post-thumbnail","hentry","category-estado"],"jetpack_featured_media_url":"https:\/\/encuentroinformativo.com.mx\/wp-content\/uploads\/2023\/03\/IMG-20230303-WA0049.jpg","jetpack_sharing_enabled":true,"jetpack_likes_enabled":true,"amp_enabled":true,"_links":{"self":[{"href":"https:\/\/encuentroinformativo.com.mx\/index.php?rest_route=\/wp\/v2\/posts\/37518","targetHints":{"allow":["GET"]}}],"collection":[{"href":"https:\/\/encuentroinformativo.com.mx\/index.php?rest_route=\/wp\/v2\/posts"}],"about":[{"href":"https:\/\/encuentroinformativo.com.mx\/index.php?rest_route=\/wp\/v2\/types\/post"}],"author":[{"embeddable":true,"href":"https:\/\/encuentroinformativo.com.mx\/index.php?rest_route=\/wp\/v2\/users\/2476"}],"replies":[{"embeddable":true,"href":"https:\/\/encuentroinformativo.com.mx\/index.php?rest_route=%2Fwp%2Fv2%2Fcomments&post=37518"}],"version-history":[{"count":1,"href":"https:\/\/encuentroinformativo.com.mx\/index.php?rest_route=\/wp\/v2\/posts\/37518\/revisions"}],"predecessor-version":[{"id":37520,"href":"https:\/\/encuentroinformativo.com.mx\/index.php?rest_route=\/wp\/v2\/posts\/37518\/revisions\/37520"}],"wp:featuredmedia":[{"embeddable":true,"href":"https:\/\/encuentroinformativo.com.mx\/index.php?rest_route=\/wp\/v2\/media\/37519"}],"wp:attachment":[{"href":"https:\/\/encuentroinformativo.com.mx\/index.php?rest_route=%2Fwp%2Fv2%2Fmedia&parent=37518"}],"wp:term":[{"taxonomy":"category","embeddable":true,"href":"https:\/\/encuentroinformativo.com.mx\/index.php?rest_route=%2Fwp%2Fv2%2Fcategories&post=37518"},{"taxonomy":"post_tag","embeddable":true,"href":"https:\/\/encuentroinformativo.com.mx\/index.php?rest_route=%2Fwp%2Fv2%2Ftags&post=37518"}],"curies":[{"name":"wp","href":"https:\/\/api.w.org\/{rel}","templated":true}]}}