{"id":37521,"date":"2023-03-03T12:01:04","date_gmt":"2023-03-03T18:01:04","guid":{"rendered":"https:\/\/encuentroinformativo.com.mx\/?p=37521"},"modified":"2023-03-03T12:01:07","modified_gmt":"2023-03-03T18:01:07","slug":"joven-fue-ejecutado-afuera-del-palacio-municipal-de-tuxpan","status":"publish","type":"post","link":"https:\/\/encuentroinformativo.com.mx\/?p=37521","title":{"rendered":"Joven fue ejecutado afuera del Palacio Municipal de Tuxpan"},"content":{"rendered":"\n<p><strong>Alejandro \u00c1vila<\/strong><\/p>\n\n\n\n<p>Tuxpan, Ver.- La noche de este jueves fue ejecutado un joven afuera del Palacio Municipal de Tuxpan, a pesar del operativo a\u00fan no se ha podido capturar los presuntos responsables.<\/p>\n\n\n\n<p>Los hechos se registraron poco antes de la medianoche sobre la calle Morelos entre el bulevar Jes\u00fas Reyes Heroles y la avenida Benito Ju\u00e1rez, exactamente frente al Palacio Municipal, se\u00f1alaron elementos de la Polic\u00eda Naval y Polic\u00eda Municipal, quienes acordonaron la zona e iniciaron con las investigaciones del caso.<\/p>\n\n\n\n<p>La persona fallecida se encuentra a\u00fan en calidad de no identificado, las se\u00f1as particulares son vestimenta en pantal\u00f3n negro, playeras izada y gorra negra; el cuerpo presentaba un disparo en la cabeza que le expuso lo m\u00e1s encef\u00e1lica.<\/p>\n\n\n\n<p>Momentos m\u00e1s tarde Polic\u00eda Ministerial adscrita a la Fiscal\u00eda General del Estado lleg\u00f3 al sitio para realizar las diligencias correspondientes y trasladar el cad\u00e1ver al servicio m\u00e9dico forense (SEMEFO).<\/p>\n\n\n\n<p>Las autoridades esperan que en el transcurso de este viernes familiares o amigos acudan a identificar el cuerpo.<\/p>\n","protected":false},"excerpt":{"rendered":"<p>Alejandro \u00c1vila Tuxpan, Ver.- La noche de este jueves fue ejecutado un joven afuera del Palacio Municipal de Tuxpan, a pesar del operativo a\u00fan no se ha podido capturar los presuntos responsables. Los hechos se registraron poco antes de la medianoche sobre la calle Morelos entre el bulevar Jes\u00fas Reyes Heroles y la avenida Benito [&hellip;]<\/p>\n","protected":false},"author":2476,"featured_media":37522,"comment_status":"open","ping_status":"open","sticky":false,"template":"","format":"standard","meta":{"_jetpack_memberships_contains_paid_content":false,"footnotes":""},"categories":[14],"tags":[],"class_list":["post-37521","post","type-post","status-publish","format-standard","has-post-thumbnail","hentry","category-policiaca"],"jetpack_featured_media_url":"https:\/\/encuentroinformativo.com.mx\/wp-content\/uploads\/2023\/03\/IMG-20230303-WA00582.jpg","jetpack_sharing_enabled":true,"jetpack_likes_enabled":true,"amp_enabled":true,"_links":{"self":[{"href":"https:\/\/encuentroinformativo.com.mx\/index.php?rest_route=\/wp\/v2\/posts\/37521","targetHints":{"allow":["GET"]}}],"collection":[{"href":"https:\/\/encuentroinformativo.com.mx\/index.php?rest_route=\/wp\/v2\/posts"}],"about":[{"href":"https:\/\/encuentroinformativo.com.mx\/index.php?rest_route=\/wp\/v2\/types\/post"}],"author":[{"embeddable":true,"href":"https:\/\/encuentroinformativo.com.mx\/index.php?rest_route=\/wp\/v2\/users\/2476"}],"replies":[{"embeddable":true,"href":"https:\/\/encuentroinformativo.com.mx\/index.php?rest_route=%2Fwp%2Fv2%2Fcomments&post=37521"}],"version-history":[{"count":1,"href":"https:\/\/encuentroinformativo.com.mx\/index.php?rest_route=\/wp\/v2\/posts\/37521\/revisions"}],"predecessor-version":[{"id":37523,"href":"https:\/\/encuentroinformativo.com.mx\/index.php?rest_route=\/wp\/v2\/posts\/37521\/revisions\/37523"}],"wp:featuredmedia":[{"embeddable":true,"href":"https:\/\/encuentroinformativo.com.mx\/index.php?rest_route=\/wp\/v2\/media\/37522"}],"wp:attachment":[{"href":"https:\/\/encuentroinformativo.com.mx\/index.php?rest_route=%2Fwp%2Fv2%2Fmedia&parent=37521"}],"wp:term":[{"taxonomy":"category","embeddable":true,"href":"https:\/\/encuentroinformativo.com.mx\/index.php?rest_route=%2Fwp%2Fv2%2Fcategories&post=37521"},{"taxonomy":"post_tag","embeddable":true,"href":"https:\/\/encuentroinformativo.com.mx\/index.php?rest_route=%2Fwp%2Fv2%2Ftags&post=37521"}],"curies":[{"name":"wp","href":"https:\/\/api.w.org\/{rel}","templated":true}]}}