{"id":37524,"date":"2023-03-03T13:17:52","date_gmt":"2023-03-03T19:17:52","guid":{"rendered":"https:\/\/encuentroinformativo.com.mx\/?p=37524"},"modified":"2023-03-03T13:17:57","modified_gmt":"2023-03-03T19:17:57","slug":"protestan-padres-de-familia-por-cambio-de-profesora-en-primaria-de-las-haciendas","status":"publish","type":"post","link":"https:\/\/encuentroinformativo.com.mx\/?p=37524","title":{"rendered":"Protestan padres de familia, por cambio de profesora en primaria de Las Haciendas"},"content":{"rendered":"\n<p><strong>Dar\u00edo Pale<\/strong><\/p>\n\n\n\n<p>Xalapa, Ver.- Padres de familia tomaron las instalaciones del plantel en protesta porque les quieren quitar a la maestra que atend\u00eda el primer a\u00f1o grupo \u201cB\u201d, de la Escuela Primaria Estatal Profesor Rosendo Leyva Lara del Fraccionamiento Las Haciendas de Emiliano Zapata.<\/p>\n\n\n\n<p>Entrevistados durante la manifestaci\u00f3n explicaron que fueron avisados el pasado jueves que la maestra Miriam Monge Aguilar ya no atender\u00eda a sus hijos, pues se encuentra a resguardo en la Supervisi\u00f3n Escolar, pero lo grave del caso es que al momento no hay maestro que la sustituya, por lo que temen que sus hijos se rezaguen en sus estudios por este motivo.<\/p>\n\n\n\n<p>Lizbeth Paola Sampieri Sol\u00eds, suplente de Vocal del Primero B, a nombre de los inconformes se\u00f1al\u00f3 que la situaci\u00f3n se deriv\u00f3 porque un grupo minoritario de padres de familia hizo diversos se\u00f1alamientos hacia su persona por la forma en que trata a los alumnos, por lo que consideran que el tema es personal y que en lugar de beneficiarlos, perjudica a todo el grupo.<\/p>\n\n\n\n<p>Los padres de familia colocaron cartulinas en que dan cuenta de la situaci\u00f3n y piden a las autoridades educativas correspondientes investigar los hechos en forma imparcial y no ceder a los dichos de una minor\u00eda que actu\u00e9 sin el aval de todos, aclarando esos se\u00f1alamientos, sin escuchar la voz de todos los padres de familia.<\/p>\n\n\n\n<p>La medida adoptada, dijo, es para presionar a las autoridades educativas para que atiendan a la brevedad posible este problema para no afectar a los dem\u00e1s alumnos de los otros grupos y grados escolares, porque la acci\u00f3n ejercida va en contra del sentir de todos los padres.<\/p>\n\n\n\n<p>La maestra ha trabajado muy bien en lo que va del ciclo escolar, los cambios se han reflejado en el aprendizaje de los alumnos, y no hay queja en contra de ella, indic\u00f3 la entrevistada, quien dijo que este sentir es la misma que tienen todos los padres de familia.<\/p>\n\n\n\n<p>Finalmente dio a conocer que de no tener una respuesta positiva, no se retiraran pues consideran que la decisi\u00f3n tomada por la autoridad educativa correspondiente es una falta de respeto para ellos, al no considerar su opini\u00f3n en torno a la situaci\u00f3n que viven.<\/p>\n","protected":false},"excerpt":{"rendered":"<p>Dar\u00edo Pale Xalapa, Ver.- Padres de familia tomaron las instalaciones del plantel en protesta porque les quieren quitar a la maestra que atend\u00eda el primer a\u00f1o grupo \u201cB\u201d, de la Escuela Primaria Estatal Profesor Rosendo Leyva Lara del Fraccionamiento Las Haciendas de Emiliano Zapata. Entrevistados durante la manifestaci\u00f3n explicaron que fueron avisados el pasado jueves [&hellip;]<\/p>\n","protected":false},"author":2476,"featured_media":37525,"comment_status":"open","ping_status":"open","sticky":false,"template":"","format":"standard","meta":{"_jetpack_memberships_contains_paid_content":false,"footnotes":""},"categories":[8],"tags":[],"class_list":["post-37524","post","type-post","status-publish","format-standard","has-post-thumbnail","hentry","category-region"],"jetpack_featured_media_url":"https:\/\/encuentroinformativo.com.mx\/wp-content\/uploads\/2023\/03\/IMG-20230303-WA0059.jpg","jetpack_sharing_enabled":true,"jetpack_likes_enabled":true,"amp_enabled":true,"_links":{"self":[{"href":"https:\/\/encuentroinformativo.com.mx\/index.php?rest_route=\/wp\/v2\/posts\/37524","targetHints":{"allow":["GET"]}}],"collection":[{"href":"https:\/\/encuentroinformativo.com.mx\/index.php?rest_route=\/wp\/v2\/posts"}],"about":[{"href":"https:\/\/encuentroinformativo.com.mx\/index.php?rest_route=\/wp\/v2\/types\/post"}],"author":[{"embeddable":true,"href":"https:\/\/encuentroinformativo.com.mx\/index.php?rest_route=\/wp\/v2\/users\/2476"}],"replies":[{"embeddable":true,"href":"https:\/\/encuentroinformativo.com.mx\/index.php?rest_route=%2Fwp%2Fv2%2Fcomments&post=37524"}],"version-history":[{"count":1,"href":"https:\/\/encuentroinformativo.com.mx\/index.php?rest_route=\/wp\/v2\/posts\/37524\/revisions"}],"predecessor-version":[{"id":37526,"href":"https:\/\/encuentroinformativo.com.mx\/index.php?rest_route=\/wp\/v2\/posts\/37524\/revisions\/37526"}],"wp:featuredmedia":[{"embeddable":true,"href":"https:\/\/encuentroinformativo.com.mx\/index.php?rest_route=\/wp\/v2\/media\/37525"}],"wp:attachment":[{"href":"https:\/\/encuentroinformativo.com.mx\/index.php?rest_route=%2Fwp%2Fv2%2Fmedia&parent=37524"}],"wp:term":[{"taxonomy":"category","embeddable":true,"href":"https:\/\/encuentroinformativo.com.mx\/index.php?rest_route=%2Fwp%2Fv2%2Fcategories&post=37524"},{"taxonomy":"post_tag","embeddable":true,"href":"https:\/\/encuentroinformativo.com.mx\/index.php?rest_route=%2Fwp%2Fv2%2Ftags&post=37524"}],"curies":[{"name":"wp","href":"https:\/\/api.w.org\/{rel}","templated":true}]}}