{"id":37527,"date":"2023-03-03T13:52:55","date_gmt":"2023-03-03T19:52:55","guid":{"rendered":"https:\/\/encuentroinformativo.com.mx\/?p=37527"},"modified":"2023-03-03T13:52:59","modified_gmt":"2023-03-03T19:52:59","slug":"murio-bebe-que-habia-sido-abandonado-en-atoyac","status":"publish","type":"post","link":"https:\/\/encuentroinformativo.com.mx\/?p=37527","title":{"rendered":"Muri\u00f3 beb\u00e9 que hab\u00eda sido abandonado en Atoyac"},"content":{"rendered":"\n<p><strong>Dar\u00edo Pale <\/strong><\/p>\n\n\n\n<p>Xalapa, Ver.- Lamentablemente muere el beb\u00e9 reci\u00e9n nacido rescatado en Atoyac, debido a las graves lesiones provocaron su fallecimiento, as\u00ed lo confirm\u00f3 el ayuntamiento de Atoyac.<\/p>\n\n\n\n<p>A pesar de que hab\u00edan informado que el beb\u00e9 se encontraba estable despu\u00e9s de haber sido rescatado de un canal de aguas negras en la colonia Lagunilla, este jueves, en Atoyac, las graves lesiones no le permitieron seguir con vida.<\/p>\n\n\n\n<p>&#8220;Nos duele mucho informar a la sociedad que lamentablemente y a pesar de los esfuerzos m\u00e9dicos, el beb\u00e9 rescatado ayer en la colonia Lagunilla, en la cabecera municipal, falleci\u00f3 esta noche en el hospital&#8221;, se\u00f1ala el texto oficial.<\/p>\n\n\n\n<p>Las autoridades mencionaron que a pesar de que en principio su estado de salud fue reportado como estable, derivado de las lesiones que ten\u00eda, as\u00ed como complicaciones respiratorias y la presencia de agentes infecciosos por las condiciones en que fue hallado, el estado de salud del reci\u00e9n nacido se agrav\u00f3 la tarde de este jueves, por lo que no sobrevivi\u00f3.<\/p>\n\n\n\n<p>&#8220;Nos unimos al dolor que embarga a la poblaci\u00f3n por este lamentable acontecimiento, que nos lacera como sociedad y nos unimos en oraciones por el descanso del peque\u00f1o&#8221;, finaliza el comunicado.<\/p>\n","protected":false},"excerpt":{"rendered":"<p>Dar\u00edo Pale Xalapa, Ver.- Lamentablemente muere el beb\u00e9 reci\u00e9n nacido rescatado en Atoyac, debido a las graves lesiones provocaron su fallecimiento, as\u00ed lo confirm\u00f3 el ayuntamiento de Atoyac. A pesar de que hab\u00edan informado que el beb\u00e9 se encontraba estable despu\u00e9s de haber sido rescatado de un canal de aguas negras en la colonia Lagunilla, [&hellip;]<\/p>\n","protected":false},"author":2476,"featured_media":37528,"comment_status":"open","ping_status":"open","sticky":false,"template":"","format":"standard","meta":{"_jetpack_memberships_contains_paid_content":false,"footnotes":""},"categories":[2],"tags":[],"class_list":["post-37527","post","type-post","status-publish","format-standard","has-post-thumbnail","hentry","category-estado"],"jetpack_featured_media_url":"https:\/\/encuentroinformativo.com.mx\/wp-content\/uploads\/2023\/03\/IMG-20230303-WA0089.jpg","jetpack_sharing_enabled":true,"jetpack_likes_enabled":true,"amp_enabled":true,"_links":{"self":[{"href":"https:\/\/encuentroinformativo.com.mx\/index.php?rest_route=\/wp\/v2\/posts\/37527","targetHints":{"allow":["GET"]}}],"collection":[{"href":"https:\/\/encuentroinformativo.com.mx\/index.php?rest_route=\/wp\/v2\/posts"}],"about":[{"href":"https:\/\/encuentroinformativo.com.mx\/index.php?rest_route=\/wp\/v2\/types\/post"}],"author":[{"embeddable":true,"href":"https:\/\/encuentroinformativo.com.mx\/index.php?rest_route=\/wp\/v2\/users\/2476"}],"replies":[{"embeddable":true,"href":"https:\/\/encuentroinformativo.com.mx\/index.php?rest_route=%2Fwp%2Fv2%2Fcomments&post=37527"}],"version-history":[{"count":1,"href":"https:\/\/encuentroinformativo.com.mx\/index.php?rest_route=\/wp\/v2\/posts\/37527\/revisions"}],"predecessor-version":[{"id":37529,"href":"https:\/\/encuentroinformativo.com.mx\/index.php?rest_route=\/wp\/v2\/posts\/37527\/revisions\/37529"}],"wp:featuredmedia":[{"embeddable":true,"href":"https:\/\/encuentroinformativo.com.mx\/index.php?rest_route=\/wp\/v2\/media\/37528"}],"wp:attachment":[{"href":"https:\/\/encuentroinformativo.com.mx\/index.php?rest_route=%2Fwp%2Fv2%2Fmedia&parent=37527"}],"wp:term":[{"taxonomy":"category","embeddable":true,"href":"https:\/\/encuentroinformativo.com.mx\/index.php?rest_route=%2Fwp%2Fv2%2Fcategories&post=37527"},{"taxonomy":"post_tag","embeddable":true,"href":"https:\/\/encuentroinformativo.com.mx\/index.php?rest_route=%2Fwp%2Fv2%2Ftags&post=37527"}],"curies":[{"name":"wp","href":"https:\/\/api.w.org\/{rel}","templated":true}]}}