{"id":37537,"date":"2023-03-03T14:44:22","date_gmt":"2023-03-03T20:44:22","guid":{"rendered":"https:\/\/encuentroinformativo.com.mx\/?p=37537"},"modified":"2023-03-03T14:44:26","modified_gmt":"2023-03-03T20:44:26","slug":"se-entregaran-incentivos-para-el-combate-a-incendios-forestales-gobernador","status":"publish","type":"post","link":"https:\/\/encuentroinformativo.com.mx\/?p=37537","title":{"rendered":"Se entregar\u00e1n incentivos para el combate a incendios forestales: Gobernador"},"content":{"rendered":"\n<p><strong>Israel Garc\u00eda<\/strong><\/p>\n\n\n\n<p>Xalapa, Ver.- El Gobernador del Estado de Veracruz Cuitl\u00e1huac Garc\u00eda Jim\u00e9nez, sali\u00f3 de palacio de gobierno acompa\u00f1ado del Coordinador de Comunicaci\u00f3n Social Iv\u00e1n Joseph Luna, y su equipo de colaboradores caminaron la calle de Zaragoza al conocido caf\u00e9, fue saludado por la gente que estaba tomando su caf\u00e9 lechero, americano, una limonada.<\/p>\n\n\n\n<p>El gobernador fue entrevistado por los medios de comunicaci\u00f3n, ah\u00ed inform\u00f3 que se reuni\u00f3 con presidentes municipales para atender los incendios forestales.<\/p>\n\n\n\n<p>Por lo que dijo que se firm\u00f3 un convenio de 60 millones de pesos para el manejo de prevenci\u00f3n y combate a los incendios forestales, entre el d\u00eda de hoy vienes al d\u00eda lunes entregar\u00e1n el incentivo de 60 millones de pesos a los 32 municipios.<\/p>\n\n\n\n<p>Garc\u00eda Jim\u00e9nez mando un mensaje a las y los veracruzanos, de que cuidemos los recursos forestales, hay multas que pueden ir hasta los 3 millones de pesos y hasta de 2 a 6 a\u00f1os de c\u00e1rcel a quien provoque un incendio forestal.<\/p>\n\n\n\n<p>Por lo que invitamos a que, si usted va con su familia a las \u00e1reas verdes parques y hace lumbre para asar carne, o si va usted manejando y tira las colillas de cigarro, \u00a1aguas! Porque puede ser multado y a prisi\u00f3n. Cuidemos la naturaleza y nuestro medio ambiente.<\/p>\n\n\n\n<figure class=\"wp-block-image size-large\"><img loading=\"lazy\" decoding=\"async\" width=\"1024\" height=\"855\" src=\"https:\/\/encuentroinformativo.com.mx\/wp-content\/uploads\/2023\/03\/Photo_1677876088415-1024x855.jpg\" alt=\"\" class=\"wp-image-37539\" srcset=\"https:\/\/encuentroinformativo.com.mx\/wp-content\/uploads\/2023\/03\/Photo_1677876088415-1024x855.jpg 1024w, https:\/\/encuentroinformativo.com.mx\/wp-content\/uploads\/2023\/03\/Photo_1677876088415-300x251.jpg 300w, https:\/\/encuentroinformativo.com.mx\/wp-content\/uploads\/2023\/03\/Photo_1677876088415-768x641.jpg 768w, https:\/\/encuentroinformativo.com.mx\/wp-content\/uploads\/2023\/03\/Photo_1677876088415-600x500.jpg 600w, https:\/\/encuentroinformativo.com.mx\/wp-content\/uploads\/2023\/03\/Photo_1677876088415.jpg 1293w\" sizes=\"auto, (max-width: 1024px) 100vw, 1024px\" \/><\/figure>\n","protected":false},"excerpt":{"rendered":"<p>Israel Garc\u00eda Xalapa, Ver.- El Gobernador del Estado de Veracruz Cuitl\u00e1huac Garc\u00eda Jim\u00e9nez, sali\u00f3 de palacio de gobierno acompa\u00f1ado del Coordinador de Comunicaci\u00f3n Social Iv\u00e1n Joseph Luna, y su equipo de colaboradores caminaron la calle de Zaragoza al conocido caf\u00e9, fue saludado por la gente que estaba tomando su caf\u00e9 lechero, americano, una limonada. El [&hellip;]<\/p>\n","protected":false},"author":2476,"featured_media":37538,"comment_status":"open","ping_status":"open","sticky":false,"template":"","format":"standard","meta":{"_jetpack_memberships_contains_paid_content":false,"footnotes":""},"categories":[2],"tags":[],"class_list":["post-37537","post","type-post","status-publish","format-standard","has-post-thumbnail","hentry","category-estado"],"jetpack_featured_media_url":"https:\/\/encuentroinformativo.com.mx\/wp-content\/uploads\/2023\/03\/Photo_1677876118257.jpg","jetpack_sharing_enabled":true,"jetpack_likes_enabled":true,"amp_enabled":true,"_links":{"self":[{"href":"https:\/\/encuentroinformativo.com.mx\/index.php?rest_route=\/wp\/v2\/posts\/37537","targetHints":{"allow":["GET"]}}],"collection":[{"href":"https:\/\/encuentroinformativo.com.mx\/index.php?rest_route=\/wp\/v2\/posts"}],"about":[{"href":"https:\/\/encuentroinformativo.com.mx\/index.php?rest_route=\/wp\/v2\/types\/post"}],"author":[{"embeddable":true,"href":"https:\/\/encuentroinformativo.com.mx\/index.php?rest_route=\/wp\/v2\/users\/2476"}],"replies":[{"embeddable":true,"href":"https:\/\/encuentroinformativo.com.mx\/index.php?rest_route=%2Fwp%2Fv2%2Fcomments&post=37537"}],"version-history":[{"count":1,"href":"https:\/\/encuentroinformativo.com.mx\/index.php?rest_route=\/wp\/v2\/posts\/37537\/revisions"}],"predecessor-version":[{"id":37540,"href":"https:\/\/encuentroinformativo.com.mx\/index.php?rest_route=\/wp\/v2\/posts\/37537\/revisions\/37540"}],"wp:featuredmedia":[{"embeddable":true,"href":"https:\/\/encuentroinformativo.com.mx\/index.php?rest_route=\/wp\/v2\/media\/37538"}],"wp:attachment":[{"href":"https:\/\/encuentroinformativo.com.mx\/index.php?rest_route=%2Fwp%2Fv2%2Fmedia&parent=37537"}],"wp:term":[{"taxonomy":"category","embeddable":true,"href":"https:\/\/encuentroinformativo.com.mx\/index.php?rest_route=%2Fwp%2Fv2%2Fcategories&post=37537"},{"taxonomy":"post_tag","embeddable":true,"href":"https:\/\/encuentroinformativo.com.mx\/index.php?rest_route=%2Fwp%2Fv2%2Ftags&post=37537"}],"curies":[{"name":"wp","href":"https:\/\/api.w.org\/{rel}","templated":true}]}}