{"id":3754,"date":"2020-07-01T11:58:43","date_gmt":"2020-07-01T16:58:43","guid":{"rendered":"https:\/\/encuentroinformativo.com\/?p=3754"},"modified":"2020-07-01T11:58:46","modified_gmt":"2020-07-01T16:58:46","slug":"el-velo-de-bola-8","status":"publish","type":"post","link":"https:\/\/encuentroinformativo.com.mx\/?p=3754","title":{"rendered":"El velo de Bola 8"},"content":{"rendered":"\n<p><strong>Los Pol\u00edticos\u00a0<\/strong><\/p>\n\n\n\n<p><strong>Salvador Mu\u00f1oz<\/strong><br><\/p>\n\n\n\n<p>El asesinato de Mar\u00eda Guadalupe Mart\u00ednez Aguilar, rectora de la Universidad Valladolid, sacudi\u00f3 a la sociedad xalape\u00f1a. Es sin duda, otro hecho que lacera&nbsp; nuestro tejido social. Uno, se lamenta, se consterna, lo considera inconcebible y el clamor de justicia se mantiene\u2026 hasta que la \u201cnueva anormalidad\u201d vuelva a abofetearnos con otra mujer, con otro ni\u00f1o, con otro amigo, otro ser que se vuelve cuenta de un rosario de lamentos para llorar a nuestros muertos\u2026<\/p>\n\n\n\n<p>Es terrible tener que usar \u201cOtro ni\u00f1o\u201d u \u201cOtra mujer\u201d porque parece un infierno de nunca acabar&#8230; como terrible que para las autoridades de diversos ramos, nuestro \u201cOtros\u201d pasen a ser un fr\u00edo n\u00famero, una fr\u00eda estad\u00edstica y en el peor de los casos, a su suceso buscan acomodo para darle otro nombre: de feminicidio a homicidio, como si eso cambiara el dolor de quienes perdieron a un familiar aunque s\u00ed cambie el prisma de un n\u00famero, de una estad\u00edstica.<\/p>\n\n\n\n<p>Hasta cierto grado, uno sabe, entiende, comprende, que en estos momentos, nuestra sociedad pasa por una crisis de inseguridad incre\u00edble, y hay quienes tenemos en claro que basta un loco que piense en nosotros como la oportunidad de hacer dinero y quitarnos la vida\u2026 se insiste: la crisis de inseguridad que vive Veracruz uno la sabe, puede entenderla y comprenderla\u2026 pero no aceptarla.<\/p>\n\n\n\n<p>Se sabe, entiende, comprende, porque junto con la inseguridad, hay incertidumbre social, no nueva, pero al menos s\u00ed \u201cin crescendo\u201d porque todos somos potenciales v\u00edctimas&#8230; la gente com\u00fan como usted o como yo, un diputado, una rectora, un ca\u00f1ero, un ni\u00f1o\u2026 \u00a1todos!<\/p>\n\n\n\n<p>Por eso, no podemos aceptar que la inseguridad haya asentado sus reales como lo aceptan incluso nuestras propias autoridades con un velo \u00bfde soberbia?, \u00bfarrogancia?, \u00bfignorancia?, \u00bfinsensibilidad?&#8230;<\/p>\n\n\n\n<p>El pasado lunes, un poco despu\u00e9s de las nueve de la ma\u00f1ana, la noticia que nos sacud\u00eda era el asesinato de Mart\u00ednez Aguilar al interior de su domicilio, contiguo a las instalaciones de la Universidad de la que era rectora\u2026 amigos, conocidos, compa\u00f1eros, daban cuenta del evento por las redes sociales, por los grupos de Whatsapp\u2026 incluso, por la noche, sus ex compa\u00f1eras de infancia, de escuela, de cualquier latitud, segu\u00edan sin creerlo\u2026<\/p>\n\n\n\n<p>Sin embargo, para el representante del Gobierno, para el encargado del orden pol\u00edtico-social de nuestro estado, para Don Eric Cisneros, con sus palabras, nos dec\u00eda que \u00e9l vive en otro Veracruz, en otra realidad, en un mundo bizarro, alterno\u2026 cerca del mediod\u00eda del lunes, sub\u00eda a sus redes sociales lo siguiente:<\/p>\n\n\n\n<p>\u201cCon el apoyo de nuestras fuerzas armadas, el Gobierno de Veracruz que encabeza Cuitl\u00e1huac Garc\u00eda Jim\u00e9nez est\u00e1 disminuyendo los \u00edndices delictivos en las regiones de la entidad. Por eso, como cada ma\u00f1ana, este lunes sesionamos en la Mesa de Coordinaci\u00f3n para la Construcci\u00f3n de la Paz, donde las fiscal\u00edas General de la Rep\u00fablica y del Estado, as\u00ed como instituciones federales y estatales informamos las acciones que emprendemos para mantener la paz y tranquilidad. Seguimos sumando esfuerzos para lograr el estado de bienestar que todos anhelamos.\u201d<\/p>\n\n\n\n<p>Uno trata de entender su discurso triunfalista, optimista, positivo pero que a la vez, choca con la realidad de este lado, del de los veracruzanos y veracruzanas que de un modo u otro, son v\u00edctimas de la crisis de inseguridad que sufre la entidad\u2026 la verdad cuesta entenderlo\u2026 por eso creemos que debe haber un velo en el secretario de Gobierno que le impide ver lo que sufre todos los d\u00edas nuestro Veracruz\u2026 \u00bfun velo de soberbia?, \u00bfarrogancia?, \u00bfignorancia?, \u00bfinsensibilidad? \u00bfEn qu\u00e9 mundo vive Bola 8?<br><\/p>\n\n\n\n<p><a href=\"mailto:smcainito@gmail.com\" target=\"_blank\" rel=\"noreferrer noopener\">smcainito@gmail.com<\/a><\/p>\n","protected":false},"excerpt":{"rendered":"<p>Los Pol\u00edticos\u00a0 Salvador Mu\u00f1oz El asesinato de Mar\u00eda Guadalupe Mart\u00ednez Aguilar, rectora de la Universidad Valladolid, sacudi\u00f3 a la sociedad xalape\u00f1a. Es sin duda, otro hecho que lacera&nbsp; nuestro tejido social. Uno, se lamenta, se consterna, lo considera inconcebible y el clamor de justicia se mantiene\u2026 hasta que la \u201cnueva anormalidad\u201d vuelva a abofetearnos con [&hellip;]<\/p>\n","protected":false},"author":1,"featured_media":387,"comment_status":"open","ping_status":"open","sticky":false,"template":"","format":"standard","meta":{"_jetpack_memberships_contains_paid_content":false,"footnotes":""},"categories":[11],"tags":[],"class_list":["post-3754","post","type-post","status-publish","format-standard","has-post-thumbnail","hentry","category-opinion"],"jetpack_featured_media_url":"https:\/\/encuentroinformativo.com.mx\/wp-content\/uploads\/2020\/03\/7CF8A22B-2764-47BE-8F7F-38FE9E5D6A2F.jpeg","jetpack_sharing_enabled":true,"jetpack_likes_enabled":true,"amp_enabled":true,"_links":{"self":[{"href":"https:\/\/encuentroinformativo.com.mx\/index.php?rest_route=\/wp\/v2\/posts\/3754","targetHints":{"allow":["GET"]}}],"collection":[{"href":"https:\/\/encuentroinformativo.com.mx\/index.php?rest_route=\/wp\/v2\/posts"}],"about":[{"href":"https:\/\/encuentroinformativo.com.mx\/index.php?rest_route=\/wp\/v2\/types\/post"}],"author":[{"embeddable":true,"href":"https:\/\/encuentroinformativo.com.mx\/index.php?rest_route=\/wp\/v2\/users\/1"}],"replies":[{"embeddable":true,"href":"https:\/\/encuentroinformativo.com.mx\/index.php?rest_route=%2Fwp%2Fv2%2Fcomments&post=3754"}],"version-history":[{"count":2,"href":"https:\/\/encuentroinformativo.com.mx\/index.php?rest_route=\/wp\/v2\/posts\/3754\/revisions"}],"predecessor-version":[{"id":3756,"href":"https:\/\/encuentroinformativo.com.mx\/index.php?rest_route=\/wp\/v2\/posts\/3754\/revisions\/3756"}],"wp:featuredmedia":[{"embeddable":true,"href":"https:\/\/encuentroinformativo.com.mx\/index.php?rest_route=\/wp\/v2\/media\/387"}],"wp:attachment":[{"href":"https:\/\/encuentroinformativo.com.mx\/index.php?rest_route=%2Fwp%2Fv2%2Fmedia&parent=3754"}],"wp:term":[{"taxonomy":"category","embeddable":true,"href":"https:\/\/encuentroinformativo.com.mx\/index.php?rest_route=%2Fwp%2Fv2%2Fcategories&post=3754"},{"taxonomy":"post_tag","embeddable":true,"href":"https:\/\/encuentroinformativo.com.mx\/index.php?rest_route=%2Fwp%2Fv2%2Ftags&post=3754"}],"curies":[{"name":"wp","href":"https:\/\/api.w.org\/{rel}","templated":true}]}}