{"id":37547,"date":"2023-03-03T19:02:58","date_gmt":"2023-03-04T01:02:58","guid":{"rendered":"https:\/\/encuentroinformativo.com.mx\/?p=37547"},"modified":"2023-03-03T19:03:02","modified_gmt":"2023-03-04T01:03:02","slug":"toman-secundaria-en-hacienda-sotavento-por-problemas-con-docente","status":"publish","type":"post","link":"https:\/\/encuentroinformativo.com.mx\/?p=37547","title":{"rendered":"Toman secundaria en Hacienda Sotavento por problemas con docente"},"content":{"rendered":"\n<p><strong>Alejandro \u00c1vila<\/strong><\/p>\n\n\n\n<p>Veracruz, Ver.- Debido a problemas con un maestro de la escuela secundaria Lilya Berthely ubicada en el fraccionamiento Hacienda Sotavento, padres de familia y alumnos decidieron tomar las instalaciones la ma\u00f1ana de este viernes.<\/p>\n\n\n\n<p>Los quejosos se\u00f1alan que desde hace 4 a\u00f1os han tenido problemas con el profesor Jes\u00fas Fuentes Ambrosio, a qui\u00e9n las autoridades escolares se han negado a reemplazarlo.<\/p>\n\n\n\n<p>&#8220;No asiste a clases de fondo el problema es que tiene problemas de salud pero tambi\u00e9n nos hemos dado cuenta a lo largo del tiempo porque este problema no es de ahorita si no tiene ya varios a\u00f1os.<\/p>\n\n\n\n<p>&#8220;El maestro tiene problemas de adicci\u00f3n tiene problemas de actitud no nos atrevemos a decir si problemas mentales pero bueno tiene comportamientos extra\u00f1os que consideramos que son un peligro para nuestros hijos&#8221;, se\u00f1al\u00f3 Ana Luis Loenzo Gil madre de familia.<\/p>\n\n\n\n<p>Relataron que los problemas de su vida privada los ha arrastrado hasta el sal\u00f3n de clases donde tiene actitudes err\u00e1ticas y cambiantes, pues hay d\u00edas en lo que se encierra en los ba\u00f1os o bien los rega\u00f1a sin motivo aparente.<\/p>\n\n\n\n<p>Pese las decenas de reportes que los padres han interpuesto a lo largo de generaciones, la direcci\u00f3n y las autoridades de la Secretar\u00eda de Educaci\u00f3n de Veracruz se han negado a suspenderlo o reemplazarlo.<\/p>\n\n\n\n<p>&#8220;Nuestros ni\u00f1os est\u00e1n hasta tres hasta cuatro horas al d\u00eda, son adolescentes est\u00e1n haciendo ociosidades en la escuela no se da abasto en nuestras autoridades escolares ya agotaron todas las instancias administrativas y pues no hay soluci\u00f3n.<\/p>\n\n\n\n<p>&#8220;Ya tiene varios a\u00f1os entonces bueno es un ya ahora s\u00ed que es un grito desesperado la toma de la escuela de hoy, pues ya es as\u00ed como un extremo, no hubi\u00e9ramos querido llegar a esto pero si no nos hacen caso que podemos hacer&#8221;, relat\u00f3 la entrevistada.<\/p>\n\n\n\n<p>Autoridades de la inspecci\u00f3n escolar acudieron hasta dicho plantel para entrevistarse con los padres afectados por esta situaci\u00f3n y les prometieron que ahora si actuar\u00e1n para tomar cartas en el asunto.<\/p>\n\n\n\n<figure class=\"wp-block-image size-large\"><img loading=\"lazy\" decoding=\"async\" width=\"1024\" height=\"678\" src=\"https:\/\/encuentroinformativo.com.mx\/wp-content\/uploads\/2023\/03\/IMG-20230303-WA0129-1024x678.jpg\" alt=\"\" class=\"wp-image-37549\" srcset=\"https:\/\/encuentroinformativo.com.mx\/wp-content\/uploads\/2023\/03\/IMG-20230303-WA0129-1024x678.jpg 1024w, https:\/\/encuentroinformativo.com.mx\/wp-content\/uploads\/2023\/03\/IMG-20230303-WA0129-300x199.jpg 300w, https:\/\/encuentroinformativo.com.mx\/wp-content\/uploads\/2023\/03\/IMG-20230303-WA0129-768x508.jpg 768w, https:\/\/encuentroinformativo.com.mx\/wp-content\/uploads\/2023\/03\/IMG-20230303-WA0129-1536x1017.jpg 1536w, https:\/\/encuentroinformativo.com.mx\/wp-content\/uploads\/2023\/03\/IMG-20230303-WA0129.jpg 1600w\" sizes=\"auto, (max-width: 1024px) 100vw, 1024px\" \/><\/figure>\n","protected":false},"excerpt":{"rendered":"<p>Alejandro \u00c1vila Veracruz, Ver.- Debido a problemas con un maestro de la escuela secundaria Lilya Berthely ubicada en el fraccionamiento Hacienda Sotavento, padres de familia y alumnos decidieron tomar las instalaciones la ma\u00f1ana de este viernes. Los quejosos se\u00f1alan que desde hace 4 a\u00f1os han tenido problemas con el profesor Jes\u00fas Fuentes Ambrosio, a qui\u00e9n [&hellip;]<\/p>\n","protected":false},"author":2476,"featured_media":37548,"comment_status":"open","ping_status":"open","sticky":false,"template":"","format":"standard","meta":{"_jetpack_memberships_contains_paid_content":false,"footnotes":""},"categories":[2],"tags":[],"class_list":["post-37547","post","type-post","status-publish","format-standard","has-post-thumbnail","hentry","category-estado"],"jetpack_featured_media_url":"https:\/\/encuentroinformativo.com.mx\/wp-content\/uploads\/2023\/03\/IMG-20230303-WA0127.jpg","jetpack_sharing_enabled":true,"jetpack_likes_enabled":true,"amp_enabled":true,"_links":{"self":[{"href":"https:\/\/encuentroinformativo.com.mx\/index.php?rest_route=\/wp\/v2\/posts\/37547","targetHints":{"allow":["GET"]}}],"collection":[{"href":"https:\/\/encuentroinformativo.com.mx\/index.php?rest_route=\/wp\/v2\/posts"}],"about":[{"href":"https:\/\/encuentroinformativo.com.mx\/index.php?rest_route=\/wp\/v2\/types\/post"}],"author":[{"embeddable":true,"href":"https:\/\/encuentroinformativo.com.mx\/index.php?rest_route=\/wp\/v2\/users\/2476"}],"replies":[{"embeddable":true,"href":"https:\/\/encuentroinformativo.com.mx\/index.php?rest_route=%2Fwp%2Fv2%2Fcomments&post=37547"}],"version-history":[{"count":1,"href":"https:\/\/encuentroinformativo.com.mx\/index.php?rest_route=\/wp\/v2\/posts\/37547\/revisions"}],"predecessor-version":[{"id":37550,"href":"https:\/\/encuentroinformativo.com.mx\/index.php?rest_route=\/wp\/v2\/posts\/37547\/revisions\/37550"}],"wp:featuredmedia":[{"embeddable":true,"href":"https:\/\/encuentroinformativo.com.mx\/index.php?rest_route=\/wp\/v2\/media\/37548"}],"wp:attachment":[{"href":"https:\/\/encuentroinformativo.com.mx\/index.php?rest_route=%2Fwp%2Fv2%2Fmedia&parent=37547"}],"wp:term":[{"taxonomy":"category","embeddable":true,"href":"https:\/\/encuentroinformativo.com.mx\/index.php?rest_route=%2Fwp%2Fv2%2Fcategories&post=37547"},{"taxonomy":"post_tag","embeddable":true,"href":"https:\/\/encuentroinformativo.com.mx\/index.php?rest_route=%2Fwp%2Fv2%2Ftags&post=37547"}],"curies":[{"name":"wp","href":"https:\/\/api.w.org\/{rel}","templated":true}]}}