{"id":37554,"date":"2023-03-03T19:17:28","date_gmt":"2023-03-04T01:17:28","guid":{"rendered":"https:\/\/encuentroinformativo.com.mx\/?p=37554"},"modified":"2023-03-03T19:17:31","modified_gmt":"2023-03-04T01:17:31","slug":"llevan-mas-de-una-semana-sin-clases-en-telesecundaria-de-veracruz-puerto","status":"publish","type":"post","link":"https:\/\/encuentroinformativo.com.mx\/?p=37554","title":{"rendered":"Llevan m\u00e1s de una semana sin clases en Telesecundaria de Veracruz puerto"},"content":{"rendered":"\n<p><strong>Alejandro \u00c1vila<\/strong><\/p>\n\n\n\n<p>Veracruz, Ver.- Debido a falta de personal desde hace m\u00e1s de una semana, alumnos de la telesecundaria &#8220;Ricardo Flores Mag\u00f3n&#8221; en la colonia Miguel Hidalgo han dejado de recibir sus clases.<\/p>\n\n\n\n<p>Aproximadamente 16 j\u00f3venes que cursan el tercer grado son los afectados por la falta de docentes; se estima que el n\u00famero de j\u00f3venes sin clases pueda aumentar, pues les informaron que en pr\u00f3ximos d\u00edas otra maestra deber\u00e1 ausentarse.<\/p>\n\n\n\n<p>&#8220;La problematica que estamos presentando es que la semana pasada el profesor, nos informa una situaci\u00f3n por lo cual se le solicit\u00f3 al profesor Alfonso Osorio P\u00e9rez debe estar en resguardo en el sector y el mismo maestro nos dijo que el director nos tendr\u00eda que dar una soluci\u00f3n en cuanto a la atenci\u00f3n a nuestros hijos.<\/p>\n\n\n\n<p>&#8220;Esperamos, eso fue el d\u00eda jueves, el d\u00eda viernes hay consejo tectinco como cada fin de mes, no tienen clase los alumnos y el lunes se presentan los alumnos desconcertados y siempre sencillamente sin previo aviso porque ni siquiera estaba presente el director solamente los reparten a los dem\u00e1s grupos.<\/p>\n\n\n\n<p>&#8220;Los alumnos se sienten de cierta manera confundido,&nbsp; m\u00e1s porque a las maestras que los estaban atendiendo pues no les est\u00e1n dando la misma atenci\u00f3n que a su propio grupo, porque al final de cuentas no est\u00e1n en el mismo tema no van a la par&#8221;, manifest\u00f3 la doctora Nallely Monserrat Moscoso, madre de uno de los alumnos afectados.<\/p>\n\n\n\n<p>Pese a que trataron de buscar ellas mismas una soluci\u00f3n como que les impartir\u00e1n clases particulares en casa de alguna de las mam\u00e1s, o que incluso fueran en l\u00ednea, las autoridades administrativas del plantel y de la SEV no las han ayudado, especif\u00edcame la doctora Edith Barrera Joachin jefa del Sector 22.<\/p>\n\n\n\n<p>Dijo que incluso hab\u00edan llegado al acuerdo de que todo fuera en l\u00ednea, en pandemia, pero al final de cuentas los dejaron plantados y los j\u00f3venes se quedaron sin recibir la atenci\u00f3n debida, por lo que ahora temen se retrasen m\u00e1s en su aprendizaje.<\/p>\n\n\n\n<p>&#8220;En ning\u00fan momento ninguna autoridad, ni el director, ning\u00fan otro maestro maestro, obviamente, nos inform\u00f3 a sus posibilidades porque tambi\u00e9n le tiene pues de cierta manera prohibido hablar de cu\u00e1l es su situaci\u00f3n porque ya es una situaci\u00f3n inclusive puede estar involucrado legalmente.<\/p>\n\n\n\n<p>&#8220;Cabe mencionar que no es por parte de ning\u00fan alumno porque los alumnos a los padres de familia no tenemos ning\u00fan problema con el profesor Alfonso, todo lo contrario el profesor Alfonso siempre ha sido muy delicado respetuoso tanto con los alumnos como con los padres de familia&#8221;, inform\u00f3 la entrevistada.<\/p>\n\n\n\n<p>Tambi\u00e9n dieron a conocer que otra maestra se ausentar\u00e1 en pr\u00f3ximas fechas al igual que el profesor antes mencionado por razones que tampoco les fueron reveladas, por lo cual otros 20 j\u00f3venes tampoco recibir\u00e1n clases.<\/p>\n\n\n\n<p>Por \u00faltimo, las mam\u00e1s de los j\u00f3venes se\u00f1alaron que si este fin de semana no les brindan soluci\u00f3n a su problema, habr\u00e1n de tomar las instalaciones el pr\u00f3ximo lunes por la ma\u00f1ana me impedir\u00e1n el acceso a personal docente, administrativo, de intendencia y hasta a los alumnos.<\/p>\n","protected":false},"excerpt":{"rendered":"<p>Alejandro \u00c1vila Veracruz, Ver.- Debido a falta de personal desde hace m\u00e1s de una semana, alumnos de la telesecundaria &#8220;Ricardo Flores Mag\u00f3n&#8221; en la colonia Miguel Hidalgo han dejado de recibir sus clases. Aproximadamente 16 j\u00f3venes que cursan el tercer grado son los afectados por la falta de docentes; se estima que el n\u00famero de [&hellip;]<\/p>\n","protected":false},"author":2476,"featured_media":37555,"comment_status":"open","ping_status":"open","sticky":false,"template":"","format":"standard","meta":{"_jetpack_memberships_contains_paid_content":false,"footnotes":""},"categories":[2],"tags":[],"class_list":["post-37554","post","type-post","status-publish","format-standard","has-post-thumbnail","hentry","category-estado"],"jetpack_featured_media_url":"https:\/\/encuentroinformativo.com.mx\/wp-content\/uploads\/2023\/03\/IMG-20230303-WA0138.jpg","jetpack_sharing_enabled":true,"jetpack_likes_enabled":true,"amp_enabled":true,"_links":{"self":[{"href":"https:\/\/encuentroinformativo.com.mx\/index.php?rest_route=\/wp\/v2\/posts\/37554","targetHints":{"allow":["GET"]}}],"collection":[{"href":"https:\/\/encuentroinformativo.com.mx\/index.php?rest_route=\/wp\/v2\/posts"}],"about":[{"href":"https:\/\/encuentroinformativo.com.mx\/index.php?rest_route=\/wp\/v2\/types\/post"}],"author":[{"embeddable":true,"href":"https:\/\/encuentroinformativo.com.mx\/index.php?rest_route=\/wp\/v2\/users\/2476"}],"replies":[{"embeddable":true,"href":"https:\/\/encuentroinformativo.com.mx\/index.php?rest_route=%2Fwp%2Fv2%2Fcomments&post=37554"}],"version-history":[{"count":1,"href":"https:\/\/encuentroinformativo.com.mx\/index.php?rest_route=\/wp\/v2\/posts\/37554\/revisions"}],"predecessor-version":[{"id":37556,"href":"https:\/\/encuentroinformativo.com.mx\/index.php?rest_route=\/wp\/v2\/posts\/37554\/revisions\/37556"}],"wp:featuredmedia":[{"embeddable":true,"href":"https:\/\/encuentroinformativo.com.mx\/index.php?rest_route=\/wp\/v2\/media\/37555"}],"wp:attachment":[{"href":"https:\/\/encuentroinformativo.com.mx\/index.php?rest_route=%2Fwp%2Fv2%2Fmedia&parent=37554"}],"wp:term":[{"taxonomy":"category","embeddable":true,"href":"https:\/\/encuentroinformativo.com.mx\/index.php?rest_route=%2Fwp%2Fv2%2Fcategories&post=37554"},{"taxonomy":"post_tag","embeddable":true,"href":"https:\/\/encuentroinformativo.com.mx\/index.php?rest_route=%2Fwp%2Fv2%2Ftags&post=37554"}],"curies":[{"name":"wp","href":"https:\/\/api.w.org\/{rel}","templated":true}]}}