{"id":37561,"date":"2023-03-03T19:36:24","date_gmt":"2023-03-04T01:36:24","guid":{"rendered":"https:\/\/encuentroinformativo.com.mx\/?p=37561"},"modified":"2023-03-03T19:36:28","modified_gmt":"2023-03-04T01:36:28","slug":"apadrina-alcalde-jm-unanue-a-200-parejas-en-las-bodas-colectivas-de-boca-del-rio","status":"publish","type":"post","link":"https:\/\/encuentroinformativo.com.mx\/?p=37561","title":{"rendered":"Apadrina Alcalde JM Un\u00e1nue a 200 parejas en las Bodas Colectivas de Boca del R\u00edo"},"content":{"rendered":"\n<p>*<strong><em>Esta tradicional ceremonia que se realiza a\u00f1o con a\u00f1o, fue organizada por el Ayuntamiento de Boca del R\u00edo, DIF Municipal y Registro Civil<\/em>.<\/strong><\/p>\n\n\n\n<p>Boca del R\u00edo, Ver.- El Alcalde Juan Manuel de Un\u00e1nue y la presidenta del DIF Municipal Melina Rivera de Un\u00e1nue, presidieron este viernes las Bodas Colectivas Boca del R\u00edo 2023 en la que 200 parejas legalizaron su uni\u00f3n ante el Registro Civil.<\/p>\n\n\n\n<p>La ceremonia organizada por el Ayuntamiento de Boca del R\u00edo, el DIF municipal y el Registro Civil, se llev\u00f3 a cabo en el sal\u00f3n principal del hotel Galer\u00eda Plaza, en donde estuvieron presentes tambi\u00e9n el Oficial del Registro Civil de Boca del R\u00edo, Edgar Cansino Farias, la directora del DIF boque\u00f1o, Yamileth Herrera y ediles del ayuntamiento.<\/p>\n\n\n\n<p>En esta edici\u00f3n 2023 se logr\u00f3 la uni\u00f3n legal de 200 parejas de diversas edades, desde los m\u00e1s j\u00f3venes con apenas 18 a\u00f1os, hasta la pareja m\u00e1s longeva con m\u00e1s de 60 a\u00f1os; adem\u00e1s se celebraron tres matrimonios igualitarios durante este evento.<\/p>\n\n\n\n<p>\u201cA los que hoy que contraen matrimonio y que van a formar una familia, decirles que estamos haciendo un esfuerzo grande desde hace 14 meses que tengo como presidente municipal para que todos tengan mejores servicios, una mejor ciudad, pero sobre todo, una mejor calidad de vida\u201d, coment\u00f3 el Alcalde Juan Manuel Un\u00e1nue.<\/p>\n\n\n\n<p>Por su parte, la presidenta del DIF municipal Melina Rivera de Un\u00e1nue, felicit\u00f3 a todas las parejas e hizo hincapi\u00e9 en la importancia de poder formalizar su relaci\u00f3n ante el Registro Civil, ya que esto les proveer\u00e1 de seguridad jur\u00eddica, derechos y obligaciones como pareja.<\/p>\n\n\n\n<p>\u201cEs un d\u00eda muy especial y nos da mucho gusto a mi esposo y a mi que a partir de hoy ya vamos a formar parte de su historia, parte de su familia, de su uni\u00f3n que decidieron hacer para legalizar el amor que ustedes se tienen\u201d, puntualiz\u00f3.<\/p>\n\n\n\n<p>Durante la ceremonia el oficial del Registro Civil, Edgar Cansino Farias pronunci\u00f3 las palabras para formalizar legalmente el matrimonio de las 200 parejas, mensaje acompa\u00f1ado por las notas tradicionales de la marcha nupcial para los novios de parte de la Orquesta de la Armada de M\u00e9xico.<\/p>\n\n\n\n<p>\u201cCon este acto que celebramos el d\u00eda de hoy estar\u00e1n dando certeza jur\u00eddica a sus familias, donde se garantizar\u00e1n el respeto a los derechos de cada c\u00f3nyuge y de sus hijos, para as\u00ed vivir en paz y armon\u00eda\u201d, mencion\u00f3.<\/p>\n\n\n\n<p>Finalmente se hizo entrega de regalos especiales a las parejas premiadas; los m\u00e1s j\u00f3venes, los m\u00e1s longevos, los vestidos con el ajuar tradicional, la pareja con m\u00e1s a\u00f1os en uni\u00f3n libre, una pareja igualitaria y a la primera pareja en inscribirse a las Bodas Colectivas 2023 Boca del R\u00edo.<\/p>\n\n\n\n<figure class=\"wp-block-image size-large\"><img loading=\"lazy\" decoding=\"async\" width=\"1024\" height=\"576\" src=\"https:\/\/encuentroinformativo.com.mx\/wp-content\/uploads\/2023\/03\/IMG-20230303-WA0119.jpg\" alt=\"\" class=\"wp-image-37563\" srcset=\"https:\/\/encuentroinformativo.com.mx\/wp-content\/uploads\/2023\/03\/IMG-20230303-WA0119.jpg 1024w, https:\/\/encuentroinformativo.com.mx\/wp-content\/uploads\/2023\/03\/IMG-20230303-WA0119-300x169.jpg 300w, https:\/\/encuentroinformativo.com.mx\/wp-content\/uploads\/2023\/03\/IMG-20230303-WA0119-768x432.jpg 768w\" sizes=\"auto, (max-width: 1024px) 100vw, 1024px\" \/><\/figure>\n","protected":false},"excerpt":{"rendered":"<p>*Esta tradicional ceremonia que se realiza a\u00f1o con a\u00f1o, fue organizada por el Ayuntamiento de Boca del R\u00edo, DIF Municipal y Registro Civil. Boca del R\u00edo, Ver.- El Alcalde Juan Manuel de Un\u00e1nue y la presidenta del DIF Municipal Melina Rivera de Un\u00e1nue, presidieron este viernes las Bodas Colectivas Boca del R\u00edo 2023 en la [&hellip;]<\/p>\n","protected":false},"author":2476,"featured_media":37562,"comment_status":"open","ping_status":"open","sticky":false,"template":"","format":"standard","meta":{"_jetpack_memberships_contains_paid_content":false,"footnotes":""},"categories":[2],"tags":[],"class_list":["post-37561","post","type-post","status-publish","format-standard","has-post-thumbnail","hentry","category-estado"],"jetpack_featured_media_url":"https:\/\/encuentroinformativo.com.mx\/wp-content\/uploads\/2023\/03\/IMG-20230303-WA0118.jpg","jetpack_sharing_enabled":true,"jetpack_likes_enabled":true,"amp_enabled":true,"_links":{"self":[{"href":"https:\/\/encuentroinformativo.com.mx\/index.php?rest_route=\/wp\/v2\/posts\/37561","targetHints":{"allow":["GET"]}}],"collection":[{"href":"https:\/\/encuentroinformativo.com.mx\/index.php?rest_route=\/wp\/v2\/posts"}],"about":[{"href":"https:\/\/encuentroinformativo.com.mx\/index.php?rest_route=\/wp\/v2\/types\/post"}],"author":[{"embeddable":true,"href":"https:\/\/encuentroinformativo.com.mx\/index.php?rest_route=\/wp\/v2\/users\/2476"}],"replies":[{"embeddable":true,"href":"https:\/\/encuentroinformativo.com.mx\/index.php?rest_route=%2Fwp%2Fv2%2Fcomments&post=37561"}],"version-history":[{"count":1,"href":"https:\/\/encuentroinformativo.com.mx\/index.php?rest_route=\/wp\/v2\/posts\/37561\/revisions"}],"predecessor-version":[{"id":37564,"href":"https:\/\/encuentroinformativo.com.mx\/index.php?rest_route=\/wp\/v2\/posts\/37561\/revisions\/37564"}],"wp:featuredmedia":[{"embeddable":true,"href":"https:\/\/encuentroinformativo.com.mx\/index.php?rest_route=\/wp\/v2\/media\/37562"}],"wp:attachment":[{"href":"https:\/\/encuentroinformativo.com.mx\/index.php?rest_route=%2Fwp%2Fv2%2Fmedia&parent=37561"}],"wp:term":[{"taxonomy":"category","embeddable":true,"href":"https:\/\/encuentroinformativo.com.mx\/index.php?rest_route=%2Fwp%2Fv2%2Fcategories&post=37561"},{"taxonomy":"post_tag","embeddable":true,"href":"https:\/\/encuentroinformativo.com.mx\/index.php?rest_route=%2Fwp%2Fv2%2Ftags&post=37561"}],"curies":[{"name":"wp","href":"https:\/\/api.w.org\/{rel}","templated":true}]}}