{"id":37565,"date":"2023-03-04T12:41:14","date_gmt":"2023-03-04T18:41:14","guid":{"rendered":"https:\/\/encuentroinformativo.com.mx\/?p=37565"},"modified":"2023-03-04T12:41:17","modified_gmt":"2023-03-04T18:41:17","slug":"evade-secretario-de-gobierno-tema-de-violencia-de-genero","status":"publish","type":"post","link":"https:\/\/encuentroinformativo.com.mx\/?p=37565","title":{"rendered":"Evade secretario de gobierno tema de violencia de g\u00e9nero"},"content":{"rendered":"\n<p><strong>Dar\u00edo Pale <\/strong><\/p>\n\n\n\n<p>Xalapa, Ver.- Hay temas m\u00e1s importantes, que responder a los comentarios de la diputada Ruth Callejas Roldan as\u00ed lo se\u00f1al\u00f3 el secretario de gobierno Eric Cisneros Burgos.<\/p>\n\n\n\n<p>En entrevista se rehus\u00f3 a responder sobre la impugnaci\u00f3n que har\u00eda la diputada Ruth Callejas tras la decisi\u00f3n del OPLE de negarle medidas cautelares, &#8220;no voy a hacer ning\u00fan comentario al respecto porque hay otros temas m\u00e1s importantes&#8221;.<\/p>\n\n\n\n<p>En otro orden de ideas, luego del primer viernes de marzo en Catemaco, coment\u00f3 que ya es una tradici\u00f3n que contin\u00faa fortaleci\u00e9ndose en la regi\u00f3n de Los Tuxtlas.<\/p>\n\n\n\n<p>Dijo que le daba gusto que haya libertad para promover este tipo de actividades, pero no s\u00f3lo en Los Tuxtlas, sino en otros lugares.<\/p>\n\n\n\n<p>Con respecto del templo sat\u00e1nico que se construye en Catemaco, dijo que autorizar\u00e1n lo que est\u00e9 en el marco de la Ley, que no rompa con las normas establecidas, ya que respetan la libertad de culto.<\/p>\n\n\n\n<p>Finalmente dio a conocer que, ante el gobierno de Veracruz no existe ninguna solicitud de suspensi\u00f3n de la construcci\u00f3n del inmueble.<\/p>\n","protected":false},"excerpt":{"rendered":"<p>Dar\u00edo Pale Xalapa, Ver.- Hay temas m\u00e1s importantes, que responder a los comentarios de la diputada Ruth Callejas Roldan as\u00ed lo se\u00f1al\u00f3 el secretario de gobierno Eric Cisneros Burgos. En entrevista se rehus\u00f3 a responder sobre la impugnaci\u00f3n que har\u00eda la diputada Ruth Callejas tras la decisi\u00f3n del OPLE de negarle medidas cautelares, &#8220;no voy [&hellip;]<\/p>\n","protected":false},"author":2476,"featured_media":37566,"comment_status":"open","ping_status":"open","sticky":false,"template":"","format":"standard","meta":{"_jetpack_memberships_contains_paid_content":false,"footnotes":""},"categories":[2],"tags":[],"class_list":["post-37565","post","type-post","status-publish","format-standard","has-post-thumbnail","hentry","category-estado"],"jetpack_featured_media_url":"https:\/\/encuentroinformativo.com.mx\/wp-content\/uploads\/2023\/03\/IMG-20230304-WA0024.jpg","jetpack_sharing_enabled":true,"jetpack_likes_enabled":true,"amp_enabled":true,"_links":{"self":[{"href":"https:\/\/encuentroinformativo.com.mx\/index.php?rest_route=\/wp\/v2\/posts\/37565","targetHints":{"allow":["GET"]}}],"collection":[{"href":"https:\/\/encuentroinformativo.com.mx\/index.php?rest_route=\/wp\/v2\/posts"}],"about":[{"href":"https:\/\/encuentroinformativo.com.mx\/index.php?rest_route=\/wp\/v2\/types\/post"}],"author":[{"embeddable":true,"href":"https:\/\/encuentroinformativo.com.mx\/index.php?rest_route=\/wp\/v2\/users\/2476"}],"replies":[{"embeddable":true,"href":"https:\/\/encuentroinformativo.com.mx\/index.php?rest_route=%2Fwp%2Fv2%2Fcomments&post=37565"}],"version-history":[{"count":1,"href":"https:\/\/encuentroinformativo.com.mx\/index.php?rest_route=\/wp\/v2\/posts\/37565\/revisions"}],"predecessor-version":[{"id":37567,"href":"https:\/\/encuentroinformativo.com.mx\/index.php?rest_route=\/wp\/v2\/posts\/37565\/revisions\/37567"}],"wp:featuredmedia":[{"embeddable":true,"href":"https:\/\/encuentroinformativo.com.mx\/index.php?rest_route=\/wp\/v2\/media\/37566"}],"wp:attachment":[{"href":"https:\/\/encuentroinformativo.com.mx\/index.php?rest_route=%2Fwp%2Fv2%2Fmedia&parent=37565"}],"wp:term":[{"taxonomy":"category","embeddable":true,"href":"https:\/\/encuentroinformativo.com.mx\/index.php?rest_route=%2Fwp%2Fv2%2Fcategories&post=37565"},{"taxonomy":"post_tag","embeddable":true,"href":"https:\/\/encuentroinformativo.com.mx\/index.php?rest_route=%2Fwp%2Fv2%2Ftags&post=37565"}],"curies":[{"name":"wp","href":"https:\/\/api.w.org\/{rel}","templated":true}]}}