{"id":37571,"date":"2023-03-04T15:24:35","date_gmt":"2023-03-04T21:24:35","guid":{"rendered":"https:\/\/encuentroinformativo.com.mx\/?p=37571"},"modified":"2023-03-04T15:24:39","modified_gmt":"2023-03-04T21:24:39","slug":"queriamos-limpiar-el-poder-judicial-senala-cazarin","status":"publish","type":"post","link":"https:\/\/encuentroinformativo.com.mx\/?p=37571","title":{"rendered":"Quer\u00edamos limpiar el Poder Judicial, se\u00f1ala Cazar\u00edn"},"content":{"rendered":"\n<p><strong>Dar\u00edo Pale <\/strong><\/p>\n\n\n\n<p>Xalapa, Ver.- Reconoce tener responsabilidad en la m\u00e1s reciente sentencia que emiti\u00f3 el Tribunal Colegiado en materia Administrativa del S\u00e9ptimo Circuito, que orden\u00f3 la reinstalaci\u00f3n de la magistrada Gladys de Lourdes P\u00e9rez Maldonado, as\u00ed lo inform\u00f3 el presidente de la Junta de Coordinaci\u00f3n Pol\u00edtica, Juan Javier G\u00f3mez Cazar\u00edn.<\/p>\n\n\n\n<p>En entrevista coment\u00f3 que tras resolver el amparo en revisi\u00f3n 200\/2022, los magistrados federales, \u00faltima instancia para revisar el tema, determinaron que el Congreso Local decidi\u00f3 de manera arbitraria sobre la no ratificaci\u00f3n de la magistrada, quien ten\u00eda derecho a ser ratificada por un segundo periodo de cinco a\u00f1os.<\/p>\n\n\n\n<p>Ante la decisi\u00f3n del tribunal colegiado el Poder Judicial tendr\u00e1 que reinstalar a Gladys Lourdes P\u00e9rez y pagar los salarios ca\u00eddos y prestaciones desde el siete de julio del 2020 a la fecha. Adem\u00e1s, el Congreso debe dejar sin efecto el nombramiento de la magistrada Alma Rosa Flores Ceballos, quien sustitu\u00eda a P\u00e9rez Maldonado.<\/p>\n\n\n\n<p>Al respecto el morenista reconoci\u00f3 que \u00e9l sab\u00eda que el tema se les iba a caer en tribunales, \u201ces un tema que ten\u00eda medido, sabia que la magistrada ten\u00eda todo el derecho de buscar un amparo, y si lo gana, seremos respetuosos\u201d.<\/p>\n\n\n\n<p>G\u00f3mez Cazar\u00edn justific\u00f3 que no atendieron las recomendaciones de la oposici\u00f3n en el momento de que se hicieron los nombramientos, pues ellos quer\u00edan las magistraturas para gente a fin a su partido y Morena quer\u00eda \u201climpiar\u201d al Poder Judicial.<\/p>\n\n\n\n<p>\u201cNosotros sab\u00edamos el riesgo que corr\u00edamos, en este quehacer legislativo hay riesgos que hay que correr, era el nombramiento de 13 magistrados, y era el momento de fortalecer al Poder Judicial quitando el yugo de los que estaban anteriormente&#8221;, se\u00f1al\u00f3.<\/p>\n\n\n\n<p>Finalmente dio a conocer que, \u201chab\u00eda que actuar de esa manera, y me hago responsable porque esa si fue una decisi\u00f3n tomada por un servidor\u201d.<\/p>\n","protected":false},"excerpt":{"rendered":"<p>Dar\u00edo Pale Xalapa, Ver.- Reconoce tener responsabilidad en la m\u00e1s reciente sentencia que emiti\u00f3 el Tribunal Colegiado en materia Administrativa del S\u00e9ptimo Circuito, que orden\u00f3 la reinstalaci\u00f3n de la magistrada Gladys de Lourdes P\u00e9rez Maldonado, as\u00ed lo inform\u00f3 el presidente de la Junta de Coordinaci\u00f3n Pol\u00edtica, Juan Javier G\u00f3mez Cazar\u00edn. En entrevista coment\u00f3 que tras [&hellip;]<\/p>\n","protected":false},"author":2476,"featured_media":37572,"comment_status":"open","ping_status":"open","sticky":false,"template":"","format":"standard","meta":{"_jetpack_memberships_contains_paid_content":false,"footnotes":""},"categories":[2],"tags":[],"class_list":["post-37571","post","type-post","status-publish","format-standard","has-post-thumbnail","hentry","category-estado"],"jetpack_featured_media_url":"https:\/\/encuentroinformativo.com.mx\/wp-content\/uploads\/2023\/03\/IMG-20230304-WA00422.jpg","jetpack_sharing_enabled":true,"jetpack_likes_enabled":true,"amp_enabled":true,"_links":{"self":[{"href":"https:\/\/encuentroinformativo.com.mx\/index.php?rest_route=\/wp\/v2\/posts\/37571","targetHints":{"allow":["GET"]}}],"collection":[{"href":"https:\/\/encuentroinformativo.com.mx\/index.php?rest_route=\/wp\/v2\/posts"}],"about":[{"href":"https:\/\/encuentroinformativo.com.mx\/index.php?rest_route=\/wp\/v2\/types\/post"}],"author":[{"embeddable":true,"href":"https:\/\/encuentroinformativo.com.mx\/index.php?rest_route=\/wp\/v2\/users\/2476"}],"replies":[{"embeddable":true,"href":"https:\/\/encuentroinformativo.com.mx\/index.php?rest_route=%2Fwp%2Fv2%2Fcomments&post=37571"}],"version-history":[{"count":1,"href":"https:\/\/encuentroinformativo.com.mx\/index.php?rest_route=\/wp\/v2\/posts\/37571\/revisions"}],"predecessor-version":[{"id":37573,"href":"https:\/\/encuentroinformativo.com.mx\/index.php?rest_route=\/wp\/v2\/posts\/37571\/revisions\/37573"}],"wp:featuredmedia":[{"embeddable":true,"href":"https:\/\/encuentroinformativo.com.mx\/index.php?rest_route=\/wp\/v2\/media\/37572"}],"wp:attachment":[{"href":"https:\/\/encuentroinformativo.com.mx\/index.php?rest_route=%2Fwp%2Fv2%2Fmedia&parent=37571"}],"wp:term":[{"taxonomy":"category","embeddable":true,"href":"https:\/\/encuentroinformativo.com.mx\/index.php?rest_route=%2Fwp%2Fv2%2Fcategories&post=37571"},{"taxonomy":"post_tag","embeddable":true,"href":"https:\/\/encuentroinformativo.com.mx\/index.php?rest_route=%2Fwp%2Fv2%2Ftags&post=37571"}],"curies":[{"name":"wp","href":"https:\/\/api.w.org\/{rel}","templated":true}]}}