{"id":37578,"date":"2023-03-05T14:26:48","date_gmt":"2023-03-05T20:26:48","guid":{"rendered":"https:\/\/encuentroinformativo.com.mx\/?p=37578"},"modified":"2023-03-05T14:26:52","modified_gmt":"2023-03-05T20:26:52","slug":"a-ti-que-te-mueve","status":"publish","type":"post","link":"https:\/\/encuentroinformativo.com.mx\/?p=37578","title":{"rendered":"A ti, \u00bfqu\u00e9 te mueve?"},"content":{"rendered":"\n<p><strong>Columna de Opini\u00f3n<\/strong><\/p>\n\n\n\n<p><strong>Zaira Rosas<\/strong><\/p>\n\n\n\n<p>Este 8 de marzo se conmemorar\u00e1 el D\u00eda Internacional de la Mujer, no es una fecha de celebraci\u00f3n, es una fecha que recuerda los a\u00f1os de esfuerzo buscando espacios equitativos, la igualdad de g\u00e9nero, erradicar la violencia y sobre todo dar voz a distintas causas, que quiz\u00e1s es donde las posturas puedan ser diversas y por supuesto se presenten diferencias. Pero justo ese d\u00eda las diferencias se unen en distintos contingentes, se apoyan entre s\u00ed para recordar que de manera constante tenemos causas en com\u00fan: buscamos m\u00e1s oportunidades, deseamos que todas sigan vivas y que tengamos libertad, aunque esto \u00faltimo se entienda distinto de acuerdo a las ideolog\u00edas individuales.&nbsp;<\/p>\n\n\n\n<p>El feminismo no es una lucha contra los hombres, es una lucha contra un sistema patriarcal que tambi\u00e9n a los hombres les ha quitado oportunidades, es la b\u00fasqueda constante de equidad, de visibilizar lo que durante d\u00e9cadas a las mujeres se les ha negado, sin dejar de reconocer nuestras diferencias. El 8 de marzo miles de mujeres saldremos a marchar, a alzar la voz para recordarnos entre todas que no estamos solas, pero tambi\u00e9n para demostrar p\u00fablicamente que tenemos metas, sue\u00f1os y arrastramos un fuerte hartazgo ante injusticias sistem\u00e1ticas como la violencia, la inseguridad y las desapariciones.&nbsp;<\/p>\n\n\n\n<p>La marcha se divide en distintos contingentes, cada uno marcado por causas particulares, algunos son familiares, otros m\u00e1s radicales y el punto es saber que se respetan entre todos. El feminismo busca que cada mujer sea libre de elegir qu\u00e9 quiere en la vida y que sus elecciones vengan desde la informaci\u00f3n y no la manipulaci\u00f3n, es un movimiento que se construye d\u00eda con d\u00eda porque hay muchas interrogantes que seguimos replante\u00e1ndonos con todo lo que vamos aprendiendo. Salir a las calles el 8 de marzo no es para tener miedo, es para exigir que no tengamos miedo de hacerlo en ning\u00fan momento.<\/p>\n\n\n\n<p>Todas tenemos causas diferentes para manifestarnos, puede ser por el derecho a decidir sobre nuestro cuerpo, porque buscamos sentirnos seguras en los espacios p\u00fablicos, porque queremos que nuestra voz se escuche y sea igual de aceptada que la de un hombre, porque queremos que dejen de desaparecer nuestros seres queridos, porque a\u00f1oramos un pa\u00eds donde el g\u00e9nero no sea una raz\u00f3n para morir o sufrir violencia. Probablemente tambi\u00e9n queramos marchar por quienes ya no pueden hacerlo o para que las generaciones que a\u00fan no llegan sepan que es su derecho, que tengan oportunidades equitativas en todos los espacios, puedan sentirse seguras y no tengan miedo a expresar lo que sienten.&nbsp;<\/p>\n\n\n\n<p>Yo alzo constantemente mi voz por las mujeres de mi familia, porque de ellas adquir\u00ed la fuerza, pero tambi\u00e9n por mis amigas, porque mujeres que admiro han sido violentadas y sobre todo por m\u00ed, porque a\u00f1oro sentirme tan segura en cualquier espacio, como me siento cuando estoy entre mujeres. Porque no quiero que ser mujer sea un motivo de miedo cuando camino sola en una calle, porque me aterra no tener respuesta cuando mando un mensaje preguntando a mi amiga si lleg\u00f3 bien. Marcho por mi derecho a expresarme, por cada una de mis libertades, por exigir respeto y porque espero nunca ser parte del contingente que marcha exigiendo justicia por la p\u00e9rdida de alguien, sin embargo, extiendo toda mi solidaridad y empat\u00eda a quienes han vivido ese lado. Marcho esperando que la educaci\u00f3n y oportunidades que tengo dejen de ser un privilegio y se vuelvan una realidad para todas.&nbsp;<\/p>\n\n\n\n<p>A mi me mueve la esperanza de un mundo donde construyamos lazos como personas, donde la libertad y el respeto sean una constante, donde la justicia no sea una exigencia, sino una realidad. Donde mi voz y la de todas tenga el mismo peso y no se nos menosprecie por ser mujeres o se nos descalifique como emocionales, me mueve la esperanza de no tener miedo, de seguir creciendo por todo lo que soy y aprendo y no porque cubro una cuota de g\u00e9nero. \u00bfA ti, qu\u00e9 te mueve?<\/p>\n","protected":false},"excerpt":{"rendered":"<p>Columna de Opini\u00f3n Zaira Rosas Este 8 de marzo se conmemorar\u00e1 el D\u00eda Internacional de la Mujer, no es una fecha de celebraci\u00f3n, es una fecha que recuerda los a\u00f1os de esfuerzo buscando espacios equitativos, la igualdad de g\u00e9nero, erradicar la violencia y sobre todo dar voz a distintas causas, que quiz\u00e1s es donde las [&hellip;]<\/p>\n","protected":false},"author":2476,"featured_media":387,"comment_status":"open","ping_status":"open","sticky":false,"template":"","format":"standard","meta":{"_jetpack_memberships_contains_paid_content":false,"footnotes":""},"categories":[11],"tags":[],"class_list":["post-37578","post","type-post","status-publish","format-standard","has-post-thumbnail","hentry","category-opinion"],"jetpack_featured_media_url":"https:\/\/encuentroinformativo.com.mx\/wp-content\/uploads\/2020\/03\/7CF8A22B-2764-47BE-8F7F-38FE9E5D6A2F.jpeg","jetpack_sharing_enabled":true,"jetpack_likes_enabled":true,"amp_enabled":true,"_links":{"self":[{"href":"https:\/\/encuentroinformativo.com.mx\/index.php?rest_route=\/wp\/v2\/posts\/37578","targetHints":{"allow":["GET"]}}],"collection":[{"href":"https:\/\/encuentroinformativo.com.mx\/index.php?rest_route=\/wp\/v2\/posts"}],"about":[{"href":"https:\/\/encuentroinformativo.com.mx\/index.php?rest_route=\/wp\/v2\/types\/post"}],"author":[{"embeddable":true,"href":"https:\/\/encuentroinformativo.com.mx\/index.php?rest_route=\/wp\/v2\/users\/2476"}],"replies":[{"embeddable":true,"href":"https:\/\/encuentroinformativo.com.mx\/index.php?rest_route=%2Fwp%2Fv2%2Fcomments&post=37578"}],"version-history":[{"count":1,"href":"https:\/\/encuentroinformativo.com.mx\/index.php?rest_route=\/wp\/v2\/posts\/37578\/revisions"}],"predecessor-version":[{"id":37579,"href":"https:\/\/encuentroinformativo.com.mx\/index.php?rest_route=\/wp\/v2\/posts\/37578\/revisions\/37579"}],"wp:featuredmedia":[{"embeddable":true,"href":"https:\/\/encuentroinformativo.com.mx\/index.php?rest_route=\/wp\/v2\/media\/387"}],"wp:attachment":[{"href":"https:\/\/encuentroinformativo.com.mx\/index.php?rest_route=%2Fwp%2Fv2%2Fmedia&parent=37578"}],"wp:term":[{"taxonomy":"category","embeddable":true,"href":"https:\/\/encuentroinformativo.com.mx\/index.php?rest_route=%2Fwp%2Fv2%2Fcategories&post=37578"},{"taxonomy":"post_tag","embeddable":true,"href":"https:\/\/encuentroinformativo.com.mx\/index.php?rest_route=%2Fwp%2Fv2%2Ftags&post=37578"}],"curies":[{"name":"wp","href":"https:\/\/api.w.org\/{rel}","templated":true}]}}