{"id":37580,"date":"2023-03-05T14:30:12","date_gmt":"2023-03-05T20:30:12","guid":{"rendered":"https:\/\/encuentroinformativo.com.mx\/?p=37580"},"modified":"2023-03-05T14:30:15","modified_gmt":"2023-03-05T20:30:15","slug":"reclaman-ambientalistas-cese-a-violencia-contra-defensores","status":"publish","type":"post","link":"https:\/\/encuentroinformativo.com.mx\/?p=37580","title":{"rendered":"Reclaman ambientalistas cese a violencia contra defensores"},"content":{"rendered":"\n<p><strong>Juan Arcos <\/strong><\/p>\n\n\n\n<p>Xalapa, Ver.- Ambientalistas protestaron frente a Palacio de Gobierno, en esta ciudad de Xalapa, para que cesen la violencia y las agresiones a nivel nacional contra los defensores del territorio.<\/p>\n\n\n\n<p>Los activistas convocaron a una concentraci\u00f3n este domingo 5 de marzo en Plaza Sebasti\u00e1n Lerdo de Tejada para exigir la aparici\u00f3n con vida del dirigente comunitario wix\u00e1rika, Santos de la Cruz Carrillo, y su familia.<\/p>\n\n\n\n<p>Sin embargo, esta ma\u00f1ana les informaron que la Fiscal\u00eda General del Estado de Nayarit, en coordinaci\u00f3n con la Secretar\u00eda de Seguridad y Protecci\u00f3n Ciudadana, y las Fiscal\u00edas de los estados de Zacatecas y Durango, fueron localizados con buen estado de salud.<\/p>\n\n\n\n<p>De acuerdo con Guillermo Rodr\u00edguez Curiel, integrante de La Asamblea Veracruzana de Iniciativas y Defensa Ambiental (Lavida), Santos, sus dos hijos y su esposa fueron secuestrados, la ma\u00f1ana del pasado viernes 3 de marzo.<\/p>\n\n\n\n<p>Santos es representante agravio de la comunidad wix\u00e1rika de Uweeni Muyewe-Bancos de San Hip\u00f3lito, municipio de El Mezquital, estado de Durango.<\/p>\n\n\n\n<p>Fue privado de la libertad junto con su esposa Carlota Aguilar Parra y sus dos hijos Henrry y Paulo, de tres y un a\u00f1o de edad, sobre la carretera de Jes\u00fas Mar\u00eda el Nayar Nayarit.<\/p>\n\n\n\n<p>Por lo anterior, activistas de toda la Rep\u00fablica Mexicana, sobre todo de Durango, Zacatecas, Jalisco y Nayarit, se movilizaron fuertemente y alzaron la voz para demandar su aparici\u00f3n.<\/p>\n\n\n\n<p>\u201cHan logrado grandes despliegues de movilizaci\u00f3n pol\u00edtica para exigir la aparici\u00f3n con vida de Santos, afortunadamente est\u00e1 libre, la polic\u00eda logr\u00f3 rescatarlo y seguramente en el transcurso de este domingo ser\u00e1 entregado Santos a la comunidad wix\u00e1rika\u201d, expres\u00f3 Rodr\u00edguez Curiel.<\/p>\n\n\n\n<p>Los comuneros protestaron y bloquearon el crucero carretero El Pastor y El Nayar para exigir a las autoridades de Nayarit que entreguen a Santos.<\/p>\n\n\n\n<p>En esta ciudad de Xalapa, Rodr\u00edguez Curiel indic\u00f3 que las agresiones contra ambientalistas han sido constantes, pues elpasado 15 de enero desaparecieron el abogado Ricardo Antonio Lagunes y el profesor Antonio D\u00edaz Valencia, ambos activistas protectores de los derechos humanos del pueblo nahua, en la comunidad de Aquila, estado de Michoac\u00e1n.<\/p>\n","protected":false},"excerpt":{"rendered":"<p>Juan Arcos Xalapa, Ver.- Ambientalistas protestaron frente a Palacio de Gobierno, en esta ciudad de Xalapa, para que cesen la violencia y las agresiones a nivel nacional contra los defensores del territorio. Los activistas convocaron a una concentraci\u00f3n este domingo 5 de marzo en Plaza Sebasti\u00e1n Lerdo de Tejada para exigir la aparici\u00f3n con vida [&hellip;]<\/p>\n","protected":false},"author":2476,"featured_media":37581,"comment_status":"open","ping_status":"open","sticky":false,"template":"","format":"standard","meta":{"_jetpack_memberships_contains_paid_content":false,"footnotes":""},"categories":[3],"tags":[],"class_list":["post-37580","post","type-post","status-publish","format-standard","has-post-thumbnail","hentry","category-xalapa"],"jetpack_featured_media_url":"https:\/\/encuentroinformativo.com.mx\/wp-content\/uploads\/2023\/03\/IMG_5239.jpg","jetpack_sharing_enabled":true,"jetpack_likes_enabled":true,"amp_enabled":true,"_links":{"self":[{"href":"https:\/\/encuentroinformativo.com.mx\/index.php?rest_route=\/wp\/v2\/posts\/37580","targetHints":{"allow":["GET"]}}],"collection":[{"href":"https:\/\/encuentroinformativo.com.mx\/index.php?rest_route=\/wp\/v2\/posts"}],"about":[{"href":"https:\/\/encuentroinformativo.com.mx\/index.php?rest_route=\/wp\/v2\/types\/post"}],"author":[{"embeddable":true,"href":"https:\/\/encuentroinformativo.com.mx\/index.php?rest_route=\/wp\/v2\/users\/2476"}],"replies":[{"embeddable":true,"href":"https:\/\/encuentroinformativo.com.mx\/index.php?rest_route=%2Fwp%2Fv2%2Fcomments&post=37580"}],"version-history":[{"count":1,"href":"https:\/\/encuentroinformativo.com.mx\/index.php?rest_route=\/wp\/v2\/posts\/37580\/revisions"}],"predecessor-version":[{"id":37582,"href":"https:\/\/encuentroinformativo.com.mx\/index.php?rest_route=\/wp\/v2\/posts\/37580\/revisions\/37582"}],"wp:featuredmedia":[{"embeddable":true,"href":"https:\/\/encuentroinformativo.com.mx\/index.php?rest_route=\/wp\/v2\/media\/37581"}],"wp:attachment":[{"href":"https:\/\/encuentroinformativo.com.mx\/index.php?rest_route=%2Fwp%2Fv2%2Fmedia&parent=37580"}],"wp:term":[{"taxonomy":"category","embeddable":true,"href":"https:\/\/encuentroinformativo.com.mx\/index.php?rest_route=%2Fwp%2Fv2%2Fcategories&post=37580"},{"taxonomy":"post_tag","embeddable":true,"href":"https:\/\/encuentroinformativo.com.mx\/index.php?rest_route=%2Fwp%2Fv2%2Ftags&post=37580"}],"curies":[{"name":"wp","href":"https:\/\/api.w.org\/{rel}","templated":true}]}}