{"id":37583,"date":"2023-03-05T17:27:01","date_gmt":"2023-03-05T23:27:01","guid":{"rendered":"https:\/\/encuentroinformativo.com.mx\/?p=37583"},"modified":"2023-03-05T17:27:05","modified_gmt":"2023-03-05T23:27:05","slug":"nombran-a-bogar-ruiz-coordinador-estatal-de-aqui-estamos-con-marcelo","status":"publish","type":"post","link":"https:\/\/encuentroinformativo.com.mx\/?p=37583","title":{"rendered":"Nombran a Bogar Ruiz coordinador estatal de &#8220;Aqu\u00ed estamos con Marcelo&#8221;"},"content":{"rendered":"\n<p><strong>Alejandro \u00c1vila<\/strong><\/p>\n\n\n\n<p>Veracruz, Ver.- Este fin de semana en el norte de Veracruz fue nombrado el ex alcalde de Alvarado, Bogar Ruiz Rosas como el coordinador estatal del movimiento &#8220;Aqu\u00ed estamos con Marcelo&#8221;.<\/p>\n\n\n\n<p>Fue el propio, Benito Mir\u00f3n Lince, coordinador nacional del movimiento \u201cAqu\u00ed Estamos con Marcelo\u201d, quien hizo la toma de protesta a Ruiz Rosas, quien promover\u00e1 la imagen del canciller, Marcelo Ebrard Casaub\u00f3n en Veracruz, con la finalidad de que este gane las encuestas internas del partido Morena, de cara a la presidencia de la rep\u00fablica.<\/p>\n\n\n\n<p>Este fin de semana se realizaron actividades de trabajo en los municipios de Tantoyuca y Poza Rica.<\/p>\n\n\n\n<p>Cabe recordar que el propio Bogar Ruiz Rosas se\u00f1al\u00f3 hace unas semanas en el puerto de Veracruz, que estaba a punto de concluir los 212 Comit\u00e9s Municipales en apoyo a Marcelo Ebrard.<\/p>\n\n\n\n<p>El ex jefe de Gobierno en la Ciudad de M\u00e9xico es uno de los serios aspirantes a la candidatura por la presidencia de la Rep\u00fablica en las pr\u00f3ximas elecciones del 2024.<\/p>\n","protected":false},"excerpt":{"rendered":"<p>Alejandro \u00c1vila Veracruz, Ver.- Este fin de semana en el norte de Veracruz fue nombrado el ex alcalde de Alvarado, Bogar Ruiz Rosas como el coordinador estatal del movimiento &#8220;Aqu\u00ed estamos con Marcelo&#8221;. Fue el propio, Benito Mir\u00f3n Lince, coordinador nacional del movimiento \u201cAqu\u00ed Estamos con Marcelo\u201d, quien hizo la toma de protesta a Ruiz [&hellip;]<\/p>\n","protected":false},"author":2476,"featured_media":37584,"comment_status":"open","ping_status":"open","sticky":false,"template":"","format":"standard","meta":{"_jetpack_memberships_contains_paid_content":false,"footnotes":""},"categories":[2],"tags":[],"class_list":["post-37583","post","type-post","status-publish","format-standard","has-post-thumbnail","hentry","category-estado"],"jetpack_featured_media_url":"https:\/\/encuentroinformativo.com.mx\/wp-content\/uploads\/2023\/03\/IMG-20230305-WA00062.jpg","jetpack_sharing_enabled":true,"jetpack_likes_enabled":true,"amp_enabled":true,"_links":{"self":[{"href":"https:\/\/encuentroinformativo.com.mx\/index.php?rest_route=\/wp\/v2\/posts\/37583","targetHints":{"allow":["GET"]}}],"collection":[{"href":"https:\/\/encuentroinformativo.com.mx\/index.php?rest_route=\/wp\/v2\/posts"}],"about":[{"href":"https:\/\/encuentroinformativo.com.mx\/index.php?rest_route=\/wp\/v2\/types\/post"}],"author":[{"embeddable":true,"href":"https:\/\/encuentroinformativo.com.mx\/index.php?rest_route=\/wp\/v2\/users\/2476"}],"replies":[{"embeddable":true,"href":"https:\/\/encuentroinformativo.com.mx\/index.php?rest_route=%2Fwp%2Fv2%2Fcomments&post=37583"}],"version-history":[{"count":1,"href":"https:\/\/encuentroinformativo.com.mx\/index.php?rest_route=\/wp\/v2\/posts\/37583\/revisions"}],"predecessor-version":[{"id":37585,"href":"https:\/\/encuentroinformativo.com.mx\/index.php?rest_route=\/wp\/v2\/posts\/37583\/revisions\/37585"}],"wp:featuredmedia":[{"embeddable":true,"href":"https:\/\/encuentroinformativo.com.mx\/index.php?rest_route=\/wp\/v2\/media\/37584"}],"wp:attachment":[{"href":"https:\/\/encuentroinformativo.com.mx\/index.php?rest_route=%2Fwp%2Fv2%2Fmedia&parent=37583"}],"wp:term":[{"taxonomy":"category","embeddable":true,"href":"https:\/\/encuentroinformativo.com.mx\/index.php?rest_route=%2Fwp%2Fv2%2Fcategories&post=37583"},{"taxonomy":"post_tag","embeddable":true,"href":"https:\/\/encuentroinformativo.com.mx\/index.php?rest_route=%2Fwp%2Fv2%2Ftags&post=37583"}],"curies":[{"name":"wp","href":"https:\/\/api.w.org\/{rel}","templated":true}]}}