{"id":37589,"date":"2023-03-05T20:26:17","date_gmt":"2023-03-06T02:26:17","guid":{"rendered":"https:\/\/encuentroinformativo.com.mx\/?p=37589"},"modified":"2023-03-05T20:26:20","modified_gmt":"2023-03-06T02:26:20","slug":"ejecutan-a-ex-diputado-local-alexis-sanchez","status":"publish","type":"post","link":"https:\/\/encuentroinformativo.com.mx\/?p=37589","title":{"rendered":"Ejecutan a ex diputado local Alexis S\u00e1nchez"},"content":{"rendered":"\n<p><strong>Juan Arcos <\/strong><\/p>\n\n\n\n<p>Xalapa, Ver.- Alexis S\u00e1nchez Garc\u00eda, funcionario del Congreso de Veracruz, fue asesinado a balazos en el municipio de Tezonapa, ubicado en la zona centro del estado, en los l\u00edmites con Oaxaca.<\/p>\n\n\n\n<p>Los hechos ocurrieron despu\u00e9s de las dos de la tarde de este domingo 5 de marzo, sobre la calle Miguel Hidalgo, en la zona centro de la mencionada localidad, donde fue perseguido por sujetos armados cuando circulaba en su camioneta, color blanca.<\/p>\n\n\n\n<p>La Fiscal\u00eda General del Estado (FGE) confirm\u00f3 que tras esta agresi\u00f3n tambi\u00e9n falleci\u00f3 su hijo menor de edad y que su esposa est\u00e1 recibiendo la atenci\u00f3n m\u00e9dica en un hospital.<\/p>\n\n\n\n<p>\u201cFiscales, Peritos y Polic\u00edas Ministeriales adscritos a la Fiscal\u00eda Regional C\u00f3rdoba, realizan las diligencias de ley para establecer las causas y dar con el paradero de los responsables. La Fiscal General, Ver\u00f3nica Hern\u00e1ndez Giad\u00e1ns se\u00f1ala que no habr\u00e1 impunidad para quienes cometieron estos homicidios\u201d, se lee en un breve comunicado.<\/p>\n\n\n\n<p>De acuerdo con testigos, el Secretario de Servicios Legislativos en el Congreso local intentaba huir de sus agresores, pero durante la persecuci\u00f3n impact\u00f3 a unas motocicletas y choc\u00f3 de frente contra otro veh\u00edculo, donde fue alcanzado y ultimado.<\/p>\n\n\n\n<p>S\u00e1nchez Garc\u00eda se dirig\u00eda con su familia a su refaccionaria \u201cBarranca Seca\u201d, para festejar el aniversario n\u00famero 50 del establecimiento. Lo que era un d\u00eda de fiesta, acab\u00f3 en tragedia.<\/p>\n\n\n\n<p>La zona fue acordonada por elementos de la Polic\u00eda Municipal para resguardar la escena del crimen. Despu\u00e9s arrib\u00f3 personal de la Fiscal\u00eda Regional para iniciar las diligencias correspondientes y trasladar el cuerpo al Servicio M\u00e9dico Forense (Semefo) del municipio de C\u00f3rdoba.<\/p>\n\n\n\n<p>Esto ocurri\u00f3 durante el D\u00eda de la Familia en la regi\u00f3n de Veracruz conocida como de las Altas Monta\u00f1as, donde ha sido elevada la incidencia de delitos de alto impacto.<\/p>\n\n\n\n<p>Fuerzas federales, estatales y municipales desplegaron un fuerte operativo por aire y tierra para la b\u00fasqueda y localizaci\u00f3n de los homicidas, pero a\u00fan no han sido capturados. Hasta el momento, se desconoce el m\u00f3vil de este ataque.<\/p>\n\n\n\n<p><strong>\u00bfQUI\u00c9N ERA ALEXIS?<\/strong><\/p>\n\n\n\n<p>Alexis S\u00e1nchez fue tambi\u00e9n diputado local por el partido Movimiento Ciudadano (MC) en la pasada Legislatura del Estado de Veracruz, por el distrito 22 de Zongolica. Era conocido como peque\u00f1o empresario en el \u00e1rea de obra p\u00fablica y privada y se dedicaba a la compra y venta de auto motores y maquinaria pesada.<\/p>\n\n\n\n<p>En diciembre de 2020, renunci\u00f3 a su partido MC para sumarse a las filas del Partido de la Revoluci\u00f3n Democr\u00e1tica (PRD); sin embargo, en la actualidad, era cercano al Movimiento de Regeneraci\u00f3n Nacional (Morena).<\/p>\n\n\n\n<p>En redes sociales circulan fotograf\u00edas donde aparece junto al presidente de la Junta de Coordinaci\u00f3n Pol\u00edtica (Jucopo) del Congreso de Veracruz, el morenista Juan Javier G\u00f3mez Cazar\u00edn.<\/p>\n","protected":false},"excerpt":{"rendered":"<p>Juan Arcos Xalapa, Ver.- Alexis S\u00e1nchez Garc\u00eda, funcionario del Congreso de Veracruz, fue asesinado a balazos en el municipio de Tezonapa, ubicado en la zona centro del estado, en los l\u00edmites con Oaxaca. Los hechos ocurrieron despu\u00e9s de las dos de la tarde de este domingo 5 de marzo, sobre la calle Miguel Hidalgo, en [&hellip;]<\/p>\n","protected":false},"author":2476,"featured_media":37590,"comment_status":"open","ping_status":"open","sticky":false,"template":"","format":"standard","meta":{"_jetpack_memberships_contains_paid_content":false,"footnotes":""},"categories":[2],"tags":[],"class_list":["post-37589","post","type-post","status-publish","format-standard","has-post-thumbnail","hentry","category-estado"],"jetpack_featured_media_url":"https:\/\/encuentroinformativo.com.mx\/wp-content\/uploads\/2023\/03\/IMG_5304.jpg","jetpack_sharing_enabled":true,"jetpack_likes_enabled":true,"amp_enabled":true,"_links":{"self":[{"href":"https:\/\/encuentroinformativo.com.mx\/index.php?rest_route=\/wp\/v2\/posts\/37589","targetHints":{"allow":["GET"]}}],"collection":[{"href":"https:\/\/encuentroinformativo.com.mx\/index.php?rest_route=\/wp\/v2\/posts"}],"about":[{"href":"https:\/\/encuentroinformativo.com.mx\/index.php?rest_route=\/wp\/v2\/types\/post"}],"author":[{"embeddable":true,"href":"https:\/\/encuentroinformativo.com.mx\/index.php?rest_route=\/wp\/v2\/users\/2476"}],"replies":[{"embeddable":true,"href":"https:\/\/encuentroinformativo.com.mx\/index.php?rest_route=%2Fwp%2Fv2%2Fcomments&post=37589"}],"version-history":[{"count":1,"href":"https:\/\/encuentroinformativo.com.mx\/index.php?rest_route=\/wp\/v2\/posts\/37589\/revisions"}],"predecessor-version":[{"id":37591,"href":"https:\/\/encuentroinformativo.com.mx\/index.php?rest_route=\/wp\/v2\/posts\/37589\/revisions\/37591"}],"wp:featuredmedia":[{"embeddable":true,"href":"https:\/\/encuentroinformativo.com.mx\/index.php?rest_route=\/wp\/v2\/media\/37590"}],"wp:attachment":[{"href":"https:\/\/encuentroinformativo.com.mx\/index.php?rest_route=%2Fwp%2Fv2%2Fmedia&parent=37589"}],"wp:term":[{"taxonomy":"category","embeddable":true,"href":"https:\/\/encuentroinformativo.com.mx\/index.php?rest_route=%2Fwp%2Fv2%2Fcategories&post=37589"},{"taxonomy":"post_tag","embeddable":true,"href":"https:\/\/encuentroinformativo.com.mx\/index.php?rest_route=%2Fwp%2Fv2%2Ftags&post=37589"}],"curies":[{"name":"wp","href":"https:\/\/api.w.org\/{rel}","templated":true}]}}