{"id":37597,"date":"2023-03-06T10:26:34","date_gmt":"2023-03-06T16:26:34","guid":{"rendered":"https:\/\/encuentroinformativo.com.mx\/?p=37597"},"modified":"2023-03-06T10:26:38","modified_gmt":"2023-03-06T16:26:38","slug":"30-heridos-tras-volcadura-en-entronque-tlalixcoyan-la-laguna","status":"publish","type":"post","link":"https:\/\/encuentroinformativo.com.mx\/?p=37597","title":{"rendered":"30 heridos tras volcadura en entronque Tlalixcoyan &#8211; La Laguna"},"content":{"rendered":"\n<p><strong>Alejandro \u00c1vila<\/strong><\/p>\n\n\n\n<p>Tlalixcoyan, Ver.- Un estimado de 30 personas lesionadas fue el saldo de una volcadura que se suscit\u00f3 a la noche de este domingo en el entronque de la carretera Tlalixcoyan &#8211; La Laguna (Medell\u00edn de Bravo).<\/p>\n\n\n\n<p>Los reportes indican que el conductor del autob\u00fas que trasladaba a la comparsa Nuevas Estrellas de la Carranza y un grupo de Bastoneras, quienes hab\u00edan actuado en el primer Papaqui del municipio de Tlalixcoyan, perdi\u00f3 el control de la unidad al venir a exceso de velocidad, por lo que volc\u00f3 el cami\u00f3n de pasaje.<\/p>\n\n\n\n<p>Los hechos se registraron cerca de la medianoche y el saldo se estima en casi 30 heridos con golpes y fracturas, aunque afortunadamente sin ning\u00fan deceso.<\/p>\n\n\n\n<p>El Ayuntamiento de Tlalixcoyan inform\u00f3 que personal de Protecci\u00f3n Civil, Polic\u00eda Municipal, as\u00ed como la Cruz Roja de Piedras Negras, adem\u00e1s de Protecci\u00f3n Civil de Medell\u00edn de Bravo, Protecci\u00f3n Civil de Alvarado, acudieron el sitio a brindar el apoyo a los lesionados.<\/p>\n\n\n\n<p>Los heridos fueron canalizados a diversos hospitales de Veracruz y Boca del R\u00edo, siendo 5 de ellos los que tienen mayores lesiones; sin embargo, han sido diagnosticados como estables y fuera de peligro.<\/p>\n\n\n\n<figure class=\"wp-block-image size-large\"><img loading=\"lazy\" decoding=\"async\" width=\"960\" height=\"525\" src=\"https:\/\/encuentroinformativo.com.mx\/wp-content\/uploads\/2023\/03\/IMG-20230306-WA0007.jpg\" alt=\"\" class=\"wp-image-37599\" srcset=\"https:\/\/encuentroinformativo.com.mx\/wp-content\/uploads\/2023\/03\/IMG-20230306-WA0007.jpg 960w, https:\/\/encuentroinformativo.com.mx\/wp-content\/uploads\/2023\/03\/IMG-20230306-WA0007-300x164.jpg 300w, https:\/\/encuentroinformativo.com.mx\/wp-content\/uploads\/2023\/03\/IMG-20230306-WA0007-768x420.jpg 768w\" sizes=\"auto, (max-width: 960px) 100vw, 960px\" \/><\/figure>\n","protected":false},"excerpt":{"rendered":"<p>Alejandro \u00c1vila Tlalixcoyan, Ver.- Un estimado de 30 personas lesionadas fue el saldo de una volcadura que se suscit\u00f3 a la noche de este domingo en el entronque de la carretera Tlalixcoyan &#8211; La Laguna (Medell\u00edn de Bravo). Los reportes indican que el conductor del autob\u00fas que trasladaba a la comparsa Nuevas Estrellas de la [&hellip;]<\/p>\n","protected":false},"author":2476,"featured_media":37598,"comment_status":"open","ping_status":"open","sticky":false,"template":"","format":"standard","meta":{"_jetpack_memberships_contains_paid_content":false,"footnotes":""},"categories":[14],"tags":[],"class_list":["post-37597","post","type-post","status-publish","format-standard","has-post-thumbnail","hentry","category-policiaca"],"jetpack_featured_media_url":"https:\/\/encuentroinformativo.com.mx\/wp-content\/uploads\/2023\/03\/IMG-20230306-WA0009.jpg","jetpack_sharing_enabled":true,"jetpack_likes_enabled":true,"amp_enabled":true,"_links":{"self":[{"href":"https:\/\/encuentroinformativo.com.mx\/index.php?rest_route=\/wp\/v2\/posts\/37597","targetHints":{"allow":["GET"]}}],"collection":[{"href":"https:\/\/encuentroinformativo.com.mx\/index.php?rest_route=\/wp\/v2\/posts"}],"about":[{"href":"https:\/\/encuentroinformativo.com.mx\/index.php?rest_route=\/wp\/v2\/types\/post"}],"author":[{"embeddable":true,"href":"https:\/\/encuentroinformativo.com.mx\/index.php?rest_route=\/wp\/v2\/users\/2476"}],"replies":[{"embeddable":true,"href":"https:\/\/encuentroinformativo.com.mx\/index.php?rest_route=%2Fwp%2Fv2%2Fcomments&post=37597"}],"version-history":[{"count":1,"href":"https:\/\/encuentroinformativo.com.mx\/index.php?rest_route=\/wp\/v2\/posts\/37597\/revisions"}],"predecessor-version":[{"id":37600,"href":"https:\/\/encuentroinformativo.com.mx\/index.php?rest_route=\/wp\/v2\/posts\/37597\/revisions\/37600"}],"wp:featuredmedia":[{"embeddable":true,"href":"https:\/\/encuentroinformativo.com.mx\/index.php?rest_route=\/wp\/v2\/media\/37598"}],"wp:attachment":[{"href":"https:\/\/encuentroinformativo.com.mx\/index.php?rest_route=%2Fwp%2Fv2%2Fmedia&parent=37597"}],"wp:term":[{"taxonomy":"category","embeddable":true,"href":"https:\/\/encuentroinformativo.com.mx\/index.php?rest_route=%2Fwp%2Fv2%2Fcategories&post=37597"},{"taxonomy":"post_tag","embeddable":true,"href":"https:\/\/encuentroinformativo.com.mx\/index.php?rest_route=%2Fwp%2Fv2%2Ftags&post=37597"}],"curies":[{"name":"wp","href":"https:\/\/api.w.org\/{rel}","templated":true}]}}