{"id":3760,"date":"2020-07-01T13:38:06","date_gmt":"2020-07-01T18:38:06","guid":{"rendered":"https:\/\/encuentroinformativo.com\/?p=3760"},"modified":"2020-07-01T13:38:09","modified_gmt":"2020-07-01T18:38:09","slug":"el-gran-reto-de-seguridad-en-acayucan","status":"publish","type":"post","link":"https:\/\/encuentroinformativo.com.mx\/?p=3760","title":{"rendered":"EL GRAN RETO DE SEGURIDAD EN ACAYUCAN"},"content":{"rendered":"\n<ul class=\"wp-block-list\"><li>Corre el tiempo para resolver crimen de rectora.<\/li><li>Otro gui\u00f1o de AMLO a la Reforma Electoral de Veracruz.<\/li><li>L\u00f3pez Obrador visitar\u00e1 a Trump la pr\u00f3xima semana.<\/li><\/ul>\n\n\n\n<p>Jelou, mijte Trun\u2026 Naij to mi yu<br>\n&#8211;Chopenjawer<\/p>\n\n\n\n<p>Este martes, la Secretar\u00eda de Seguridad P\u00fablica (SSP), a trav\u00e9s de elementos de la Fuerza Civil, relev\u00f3 a polic\u00edas estatales adscritos a la Delegaci\u00f3n XI, con sede en Acayucan.<\/p>\n\n\n\n<p>La delegaci\u00f3n, por s\u00ed sola, forma parte importante de la historia de la polic\u00eda en Veracruz, pues aqu\u00ed fue delegado durante muchos a\u00f1os el legendario jefe policiaco Alfonso Lara Montero, comisionado a meter orden en una regi\u00f3n netamente ganadera. (Tambi\u00e9n porque era el \u00fanico con tanates para aplacar a personajes como el aspirante a cacique Cirilo V\u00e1zquez Lagunes).<\/p>\n\n\n\n<p>De hecho, las bases de la actual Secretar\u00eda de Seguridad P\u00fablica son netamente de apoyo a zonas rurales y ganaderas; la Polic\u00eda Estatal nace como una corporaci\u00f3n que se encargaba de los ejidos, las congregaciones, las rancher\u00edas, para combatir delitos como el abigeato, mientras que en las ciudades o centros urbanos operaban las polic\u00edas municipales.<\/p>\n\n\n\n<p>Acayucan sigue siendo una gran zona ganadera con personajes que han controlado pol\u00edticamente la regi\u00f3n durante a\u00f1os, mismos con los que tendr\u00e1n que lidiar los elementos reci\u00e9n llegados a la delegaci\u00f3n; entre ellos: el Grupo Carranza, que encabezan el poderoso l\u00edder ganadero Jacob Abel Velasco Casarrubias y pol\u00edticos locales como Gilberto Guill\u00e9n Serrano, exalcalde de Jes\u00fas Carranza; otro grupo es el de Fredy Ayala, alcalde de Sayula de Alem\u00e1n; y el de Erasmo V\u00e1zquez Gonz\u00e1lez, &#8220;El Chivo&#8221;, quien \u00faltimamente ha convocado a crear &#8220;autodefensas&#8221;.<\/p>\n\n\n\n<p>Contrario a lo que uno pensar\u00eda (reforzar a la delegaci\u00f3n, que adem\u00e1s es un punto clave y estrat\u00e9gico geogr\u00e1ficamente en Veracruz), Fuerza Civil llega pr\u00e1cticamente a sustituir a todos los elementos, quienes fueron removidos o, mejor dicho, repartidos a diferentes delegaciones en el estado. Lo anterior tambi\u00e9n podr\u00eda ocasionar deserciones &#8211;incluso podr\u00edan pasarse al otro lado&#8211; pues muchos de los que ya viven ah\u00ed quedar\u00e1n lejos de casa.<\/p>\n\n\n\n<p>En este sentido, trasciende que tiene tres a\u00f1os que no cambian las claves, cuando antes las cambiaban cada seis meses. Seg\u00fan una fuente, desde el director, delegados, patrullas, elementos, tienen las mismas claves y esa informaci\u00f3n es valiosa para un desertor.<\/p>\n\n\n\n<p>Otro reto para la Fuerza Civil con sus nuevos elementos en Acayucan, es que tendr\u00e1n que adaptarse a un nuevo ambiente que posiblemente desconozcan por completo y que dista mucho de ciudades donde existen todas las comodidades, como Xalapa, Veracruz, etc.<\/p>\n\n\n\n<p>Y lo anterior puede compararse como lo que pas\u00f3 con la Polic\u00eda Naval en sus inicios cuando los mandaban a los poblados cercanos de las cabeceras municipales o distritales: no conoc\u00edan las calles, los rumbos, la gente; tampoco sab\u00edan de las zonas donde hab\u00eda se\u00f1al de celular o radio, y eso les ocasion\u00f3 muchos problemas de comunicaci\u00f3n.<\/p>\n\n\n\n<p>Habr\u00eda que ver si tambi\u00e9n dentro de los nuevos que acaban de llegar hay personal de experiencia o apenas son reci\u00e9n graduados de la Academia; que tendr\u00e1n que enfrentarse a pistoleros, gente brava, de campo, que durante a\u00f1os le han atorado al asunto de las armas, pero especialmente, gente que sabe engatusar, sabe manipular, por su forma hosca y directa de decir las cosas.<\/p>\n\n\n\n<p>Quiz\u00e1s pudieron haber ido metiendo a los nuevos elementos gradualmente. En tiempos anteriores, al cambiar de delegados en la SSP, el transferido se pod\u00eda llevar a dos oficiales y ocho de tropa a donde fuera cambiado, y gracias a eso la mayor\u00eda de los polic\u00edas no desentonaban a d\u00f3nde llegaban, porque al menos ya hab\u00edan andado por esos rumbos alguna vez.<\/p>\n\n\n\n<p>Por Acayucan &#8211;llamada &#8220;La Llave del Sureste&#8221;&#8211; transitan ganado robado, indocumentados (humanos y vacas), as\u00ed como carros robados en Centroam\u00e9rica. Hay mucho huachicol de ductos. Tambi\u00e9n es una zona donde hay mucho efectivo circulando porque la gente no cree en bancos y eso incrementa el riesgo de asaltos.<\/p>\n\n\n\n<p>La delegaci\u00f3n, como tal, comprende 670 kil\u00f3metros de carreteras federales; casi 800 kil\u00f3metros de terracer\u00edas; y s\u00f3lo el municipio de Acayucan tiene cerca de 22 congregaciones. La jurisdicci\u00f3n comprende 14 municipios y casi 350 congregaciones.<\/p>\n\n\n\n<p>La gente: enajenada por caciques, curas y fiestas de pueblos, aunque hoy Acayucan no tiene hoy en d\u00eda un peso o l\u00edder moral como antes (enti\u00e9ndase como en tiempos recientes de Don Alfonso o Cirilo), por lo que a r\u00edo revuelto, ganancia de pescadores.<\/p>\n\n\n\n<p>Hay polic\u00edas de la vieja guardia que piensan que se ha perdido la br\u00fajula de las tareas que deber\u00eda realizar la Polic\u00eda Estatal. Seguridad P\u00fablica, como dec\u00edamos, fue creada para dar apoyo a los ganaderos y gente de campo, no para andar combatiendo narcos o asuntos del \u00e1mbito federal.<\/p>\n\n\n\n<p>La \u00fanica diferencia, la \u00fanica, es que antes hab\u00eda mandos y caciques de palabra\u2026 y que no hab\u00eda celulares con c\u00e1mara.<\/p>\n\n\n\n<p>PD. Por cierto, all\u00e1 en la delegaci\u00f3n del Uxpanapa dicen que es el verdadero embrollo; que all\u00e1 deber\u00edan de atender y poner orden.<\/p>\n\n\n\n<p><strong>NOTA PARA PEGAR EN EL REFRI: <\/strong>La Fiscal General del Estado, Ver\u00f3nica Hern\u00e1ndez Giad\u00e1ns anunci\u00f3 que ya se cuentan con dos l\u00edneas de investigaci\u00f3n en torno al homicidio de la rectora de la Universidad Valladolid, asesinada este lunes. Un crimen que caus\u00f3 mucha conmoci\u00f3n en Xalapa. El tiempo corre para mostrar capacidad y eficiencia.<\/p>\n\n\n\n<p><strong>OTRA NOTA: <\/strong>Gui\u00f1o de AMLO a Veracruz desde la ma\u00f1anera de este martes, con el tema de la Reforma Electoral recientemente aprobada: &#8220;Hay una iniciativa para reducir el presupuesto a los partidos; no ha podido progresar; ojal\u00e1 que se apruebe en el pr\u00f3ximo periodo ordinario y se aplique en la elecci\u00f3n del a\u00f1o pr\u00f3ximo; pero s\u00ed, deber\u00edan de bajar los presupuestos de los partidos cuando menos un 50 por ciento; pero hay quien se opone&#8221;, manifest\u00f3 el Presidente de la Rep\u00fablica, Andr\u00e9s Manuel L\u00f3pez Obrador durante su conferencia ma\u00f1anera de este martes. En ese sentido, AMLO est\u00e1 pidiendo que se replique lo mismo que hicieron los diputados veracruzanos, quienes aprobaron reducir el dinero que se les otorga a los institutos pol\u00edticos, decisi\u00f3n que tambi\u00e9n fue avalada por la mayor\u00eda de los ayuntamientos veracruzanos.<\/p>\n\n\n\n<p><strong>LA \u00daLTIMA PORQUE YA QUIEREN QUE ME LARGUE A LA REC\u00c1MARA:<\/strong> Que el presidente Andr\u00e9s Manuel L\u00f3pez Obrador (seguramente acompa\u00f1ado del carnal Marcelo Ebrard) har\u00e1 visita oficial a los Estados Unidos el 8 y 9 de julio pr\u00f3ximos.<br><\/p>\n\n\n\n<p><strong> @pablojair<\/strong> <\/p>\n","protected":false},"excerpt":{"rendered":"<p>Corre el tiempo para resolver crimen de rectora. Otro gui\u00f1o de AMLO a la Reforma Electoral de Veracruz. L\u00f3pez Obrador visitar\u00e1 a Trump la pr\u00f3xima semana. Jelou, mijte Trun\u2026 Naij to mi yu &#8211;Chopenjawer Este martes, la Secretar\u00eda de Seguridad P\u00fablica (SSP), a trav\u00e9s de elementos de la Fuerza Civil, relev\u00f3 a polic\u00edas estatales adscritos [&hellip;]<\/p>\n","protected":false},"author":1,"featured_media":488,"comment_status":"open","ping_status":"open","sticky":false,"template":"","format":"standard","meta":{"_jetpack_memberships_contains_paid_content":false,"footnotes":""},"categories":[11],"tags":[],"class_list":["post-3760","post","type-post","status-publish","format-standard","has-post-thumbnail","hentry","category-opinion"],"jetpack_featured_media_url":"https:\/\/encuentroinformativo.com.mx\/wp-content\/uploads\/2020\/03\/F471F608-BA1A-416B-BA7B-BCFB24F4E6D0.jpeg","jetpack_sharing_enabled":true,"jetpack_likes_enabled":true,"amp_enabled":true,"_links":{"self":[{"href":"https:\/\/encuentroinformativo.com.mx\/index.php?rest_route=\/wp\/v2\/posts\/3760","targetHints":{"allow":["GET"]}}],"collection":[{"href":"https:\/\/encuentroinformativo.com.mx\/index.php?rest_route=\/wp\/v2\/posts"}],"about":[{"href":"https:\/\/encuentroinformativo.com.mx\/index.php?rest_route=\/wp\/v2\/types\/post"}],"author":[{"embeddable":true,"href":"https:\/\/encuentroinformativo.com.mx\/index.php?rest_route=\/wp\/v2\/users\/1"}],"replies":[{"embeddable":true,"href":"https:\/\/encuentroinformativo.com.mx\/index.php?rest_route=%2Fwp%2Fv2%2Fcomments&post=3760"}],"version-history":[{"count":1,"href":"https:\/\/encuentroinformativo.com.mx\/index.php?rest_route=\/wp\/v2\/posts\/3760\/revisions"}],"predecessor-version":[{"id":3761,"href":"https:\/\/encuentroinformativo.com.mx\/index.php?rest_route=\/wp\/v2\/posts\/3760\/revisions\/3761"}],"wp:featuredmedia":[{"embeddable":true,"href":"https:\/\/encuentroinformativo.com.mx\/index.php?rest_route=\/wp\/v2\/media\/488"}],"wp:attachment":[{"href":"https:\/\/encuentroinformativo.com.mx\/index.php?rest_route=%2Fwp%2Fv2%2Fmedia&parent=3760"}],"wp:term":[{"taxonomy":"category","embeddable":true,"href":"https:\/\/encuentroinformativo.com.mx\/index.php?rest_route=%2Fwp%2Fv2%2Fcategories&post=3760"},{"taxonomy":"post_tag","embeddable":true,"href":"https:\/\/encuentroinformativo.com.mx\/index.php?rest_route=%2Fwp%2Fv2%2Ftags&post=3760"}],"curies":[{"name":"wp","href":"https:\/\/api.w.org\/{rel}","templated":true}]}}