{"id":37607,"date":"2023-03-06T11:47:08","date_gmt":"2023-03-06T17:47:08","guid":{"rendered":"https:\/\/encuentroinformativo.com.mx\/?p=37607"},"modified":"2023-03-06T11:47:12","modified_gmt":"2023-03-06T17:47:12","slug":"roban-tuberia-tinacos-y-cableado-electrico-a-fundacion-yaritza","status":"publish","type":"post","link":"https:\/\/encuentroinformativo.com.mx\/?p=37607","title":{"rendered":"Roban tuber\u00eda, tinacos y cableado el\u00e9ctrico a Fundaci\u00f3n Yaritza"},"content":{"rendered":"\n<p><strong>Alejandro \u00c1vila<\/strong><\/p>\n\n\n\n<p>Veracruz, Ver.- Una vez m\u00e1s la Asociaci\u00f3n Civil &#8220;Fundaci\u00f3n Yaritza &#8211; Movimientos que Curan&#8221; fue v\u00edctima de robo la tarde de este domingo, pues ladrones ingresaron a la sede de sus terapias para robar la tuber\u00eda y los tinacos.<\/p>\n\n\n\n<p>La presidenta Vianey Morales Apodaca acus\u00f3 el aumento de robos durante las \u00faltimas semanas, pues en los primeros meses del a\u00f1o sufrieron el hurto del cableado el\u00e9ctrico en casi seis ocasiones.<\/p>\n\n\n\n<p>&#8220;Se han robado muchos metros de cable de luz y nos dejan sin luz para trabajar en las terapias con los ni\u00f1os, esto hab\u00eda sido cada mes cada mes, cada mes y medio desde mediados del a\u00f1o pasado, pero actualmente, ahorita al comenzar el a\u00f1o, en una ocasi\u00f3n, en enero, fueron en una semana dos veces y ahorita han sido de dos a tres veces al mes, ya para nosotros es imposible estar comprando cable. Y lo m\u00e1s triste que podemos ver pasar ahorita, es ver hasta donde han llegado con esta situaci\u00f3n, porque ya para ponerse a romper una pared, y darse el tiempo para poder sacar con pincel en mano y martillo el cable, que es un pedazo de cable, m\u00e1s bien de tubo de cobre, de lo que es la tuber\u00eda de cobre para el agua y haberse llevado los tinacos, yo me pongo a pensar, es alguien que se dedica a estar vigilando a que horas entra o a que hora sale uno, o definitivamente es un grupo de malandros, de delincuentes&#8221;, reclam\u00f3.<\/p>\n\n\n\n<p>Vianey Morales, expuso que la ya desaparecida Casa de la Tierra se encuentra en condiciones deplorables y se ha convertido en un refugio para vagabundos y malvivientes: adem\u00e1s, vecinos de la colonia Tecnol\u00f3gico, a un costado del Conalep II, se\u00f1alan que han sufrido de constantes robos a sus viviendas en los \u00faltimos meses.<\/p>\n\n\n\n<p>&#8220;Buscando tambi\u00e9n la ayuda que entre los vecinos que est\u00e1n a las espaldas y al lado del Conalep, pues nos tom\u00f3 de sorpresa que no nada m\u00e1s a nosotros sino a ellos tambi\u00e9n, semanalmente est\u00e1n robando a dos o tres casas por ah\u00ed, y el punto de salida es hacia la Casa de la Tierra&#8221;, refut\u00f3.<\/p>\n\n\n\n<p>Vecinos de la zona solicitan el apoyo del Ayuntamiento de Veracruz y de las autoridades policiales de la Secretar\u00eda de Seguridad P\u00fablica para mejorar la seguridad en la zona, pues es insostenible la ola de robos.<\/p>\n\n\n\n<figure class=\"wp-block-image size-large\"><img loading=\"lazy\" decoding=\"async\" width=\"473\" height=\"1024\" src=\"https:\/\/encuentroinformativo.com.mx\/wp-content\/uploads\/2023\/03\/IMG-20230306-WA0074-473x1024.jpg\" alt=\"\" class=\"wp-image-37609\" srcset=\"https:\/\/encuentroinformativo.com.mx\/wp-content\/uploads\/2023\/03\/IMG-20230306-WA0074-473x1024.jpg 473w, https:\/\/encuentroinformativo.com.mx\/wp-content\/uploads\/2023\/03\/IMG-20230306-WA0074-139x300.jpg 139w, https:\/\/encuentroinformativo.com.mx\/wp-content\/uploads\/2023\/03\/IMG-20230306-WA0074.jpg 532w\" sizes=\"auto, (max-width: 473px) 100vw, 473px\" \/><\/figure>\n","protected":false},"excerpt":{"rendered":"<p>Alejandro \u00c1vila Veracruz, Ver.- Una vez m\u00e1s la Asociaci\u00f3n Civil &#8220;Fundaci\u00f3n Yaritza &#8211; Movimientos que Curan&#8221; fue v\u00edctima de robo la tarde de este domingo, pues ladrones ingresaron a la sede de sus terapias para robar la tuber\u00eda y los tinacos. La presidenta Vianey Morales Apodaca acus\u00f3 el aumento de robos durante las \u00faltimas semanas, [&hellip;]<\/p>\n","protected":false},"author":2476,"featured_media":37608,"comment_status":"open","ping_status":"open","sticky":false,"template":"","format":"standard","meta":{"_jetpack_memberships_contains_paid_content":false,"footnotes":""},"categories":[2],"tags":[],"class_list":["post-37607","post","type-post","status-publish","format-standard","has-post-thumbnail","hentry","category-estado"],"jetpack_featured_media_url":"https:\/\/encuentroinformativo.com.mx\/wp-content\/uploads\/2023\/03\/IMG-20230306-WA0073.jpg","jetpack_sharing_enabled":true,"jetpack_likes_enabled":true,"amp_enabled":true,"_links":{"self":[{"href":"https:\/\/encuentroinformativo.com.mx\/index.php?rest_route=\/wp\/v2\/posts\/37607","targetHints":{"allow":["GET"]}}],"collection":[{"href":"https:\/\/encuentroinformativo.com.mx\/index.php?rest_route=\/wp\/v2\/posts"}],"about":[{"href":"https:\/\/encuentroinformativo.com.mx\/index.php?rest_route=\/wp\/v2\/types\/post"}],"author":[{"embeddable":true,"href":"https:\/\/encuentroinformativo.com.mx\/index.php?rest_route=\/wp\/v2\/users\/2476"}],"replies":[{"embeddable":true,"href":"https:\/\/encuentroinformativo.com.mx\/index.php?rest_route=%2Fwp%2Fv2%2Fcomments&post=37607"}],"version-history":[{"count":1,"href":"https:\/\/encuentroinformativo.com.mx\/index.php?rest_route=\/wp\/v2\/posts\/37607\/revisions"}],"predecessor-version":[{"id":37610,"href":"https:\/\/encuentroinformativo.com.mx\/index.php?rest_route=\/wp\/v2\/posts\/37607\/revisions\/37610"}],"wp:featuredmedia":[{"embeddable":true,"href":"https:\/\/encuentroinformativo.com.mx\/index.php?rest_route=\/wp\/v2\/media\/37608"}],"wp:attachment":[{"href":"https:\/\/encuentroinformativo.com.mx\/index.php?rest_route=%2Fwp%2Fv2%2Fmedia&parent=37607"}],"wp:term":[{"taxonomy":"category","embeddable":true,"href":"https:\/\/encuentroinformativo.com.mx\/index.php?rest_route=%2Fwp%2Fv2%2Fcategories&post=37607"},{"taxonomy":"post_tag","embeddable":true,"href":"https:\/\/encuentroinformativo.com.mx\/index.php?rest_route=%2Fwp%2Fv2%2Ftags&post=37607"}],"curies":[{"name":"wp","href":"https:\/\/api.w.org\/{rel}","templated":true}]}}